{"id":1824,"date":"2020-03-24T20:36:45","date_gmt":"2020-03-24T19:36:45","guid":{"rendered":"http:\/\/zs.wolczyn.pl\/lo\/?p=1824"},"modified":"2020-03-24T21:25:22","modified_gmt":"2020-03-24T20:25:22","slug":"zarzadzenie-dyrektora-dotyczace-organizacji-realizacji-zadan-zespolu-szkol-w-wolczynie-z-wykorzystaniem-metod-i-technik-ksztalcenia-na-odleglosc","status":"publish","type":"post","link":"http:\/\/zs.wolczyn.pl\/lo\/zarzadzenie-dyrektora-dotyczace-organizacji-realizacji-zadan-zespolu-szkol-w-wolczynie-z-wykorzystaniem-metod-i-technik-ksztalcenia-na-odleglosc\/","title":{"rendered":"Zarz\u0105dzenie dyrektora dotycz\u0105ce organizacji realizacji zada\u0144 Zespo\u0142u Szk\u00f3\u0142 w Wo\u0142czynie z wykorzystaniem metod i technik kszta\u0142cenia na odleg\u0142o\u015b\u0107"},"content":{"rendered":"<p style=\"text-align: center;\"><b><span data-contrast=\"auto\">ZARZ<\/span><\/b><b><span data-contrast=\"auto\">\u0104DZENIE DYREKTORA<\/span><\/b><span data-ccp-props=\"{&quot;335551550&quot;:2,&quot;335551620&quot;:2,&quot;335559740&quot;:259}\">&nbsp;<\/span><\/p>\n<p style=\"text-align: center;\"><b><span data-contrast=\"auto\">DOTYCZ\u0104CE ORGANIZACJI REALIZACJI ZADA<\/span><\/b><b><span data-contrast=\"auto\">\u0143 ZESPO\u0141U SZK\u00d3\u0141 W WO\u0141CZYNIE Z WYKORZYSTANIEM METOD I TECHNIK KSZTA\u0141CENIA NA ODLEG\u0141O\u015a\u0106,<\/span><\/b><span data-ccp-props=\"{&quot;335551550&quot;:2,&quot;335551620&quot;:2,&quot;335559740&quot;:259}\">&nbsp;<\/span><\/p>\n<p style=\"text-align: center;\"><b><span data-contrast=\"auto\">ZGODNIE Z PRZEPISAMI WYDANYMI NA PODSTAWIE<\/span><\/b><span data-ccp-props=\"{&quot;335551550&quot;:2,&quot;335551620&quot;:2,&quot;335559740&quot;:259}\">&nbsp;<\/span><\/p>\n<p style=\"text-align: center;\"><b><span data-contrast=\"auto\">ART.<\/span><\/b><b><span data-contrast=\"auto\">&nbsp;<\/span><\/b><b><span data-contrast=\"auto\">30 B USTAWY Z DNIA 14 GRUDNIA 2016<\/span><\/b><b><span data-contrast=\"auto\">&nbsp;<\/span><\/b><b><span data-contrast=\"auto\">R. \u2013 PRAWO O<\/span><\/b><b><span data-contrast=\"auto\">\u015aWIATOWE.<\/span><\/b><span data-ccp-props=\"{&quot;335551550&quot;:2,&quot;335551620&quot;:2,&quot;335559740&quot;:259}\">&nbsp;<\/span><\/p>\n<p><span data-ccp-props=\"{&quot;335551550&quot;:6,&quot;335551620&quot;:6,&quot;335559740&quot;:259}\">&nbsp;<\/span><\/p>\n<ul>\n<li data-leveltext=\"\u2022\" data-font=\"Calibri\" data-listid=\"3\" aria-setsize=\"-1\" data-aria-posinset=\"1\" data-aria-level=\"1\"><span data-contrast=\"auto\">Dyrektor Zespo<\/span><span data-contrast=\"auto\">\u0142u Szk\u00f3\u0142 przekazuje&nbsp;<\/span><span data-contrast=\"none\">za po\u015brednictwem dziennika elektronicznego&nbsp;<\/span><span data-contrast=\"auto\">uczniom, rodzicom i\u202fnauczycielom Szko\u0142y Podstawowej im. Jana Paw\u0142a II oraz Liceum Og\u00f3lnokszta\u0142c\u0105cemu informacj\u0119 o\u202fsposobie i trybie realizacji zada\u0144 zespo\u0142u w okresie czasowego ograniczenia jej funkcjonowania:<\/span><span data-ccp-props=\"{&quot;335551550&quot;:6,&quot;335551620&quot;:6,&quot;335559685&quot;:360,&quot;335559737&quot;:0,&quot;335559739&quot;:160,&quot;335559740&quot;:259,&quot;335559991&quot;:360}\">&nbsp;<\/span><\/li>\n<\/ul>\n<p><b><span data-contrast=\"auto\">W obszarze Szko<\/span><\/b><b><span data-contrast=\"auto\">\u0142y Podstawowej im. Jana Paw\u0142a II w Wo\u0142czynie<\/span><\/b><span data-ccp-props=\"{&quot;335551550&quot;:6,&quot;335551620&quot;:6,&quot;335559685&quot;:708,&quot;335559739&quot;:160,&quot;335559740&quot;:259}\">&nbsp;<\/span><\/p>\n<ul>\n<li data-leveltext=\"\u2022\" data-font=\"Calibri\" data-listid=\"5\" aria-setsize=\"-1\" data-aria-posinset=\"2\" data-aria-level=\"1\"><span data-contrast=\"auto\">Dyrekcja zespo<\/span><span data-contrast=\"auto\">\u0142u koordynuje wsp\u00f3\u0142prac\u0119 nauczycieli z rodzicami, uwzgl\u0119dniaj\u0105c potrzeby edukacyjne i mo\u017cliwo\u015bci psychofizyczne uczni\u00f3w, w tym uczni\u00f3w obj\u0119tych kszta\u0142ceniem specjalnym.&nbsp;<\/span><span data-contrast=\"auto\">Nauczyciele poprzez dziennik elektroniczny wysy\u0142aj\u0105 dyrekcji raz w tygodniu raporty zawieraj\u0105ce kr\u00f3tk\u0105 informacj\u0119 na temat dzia\u0142a\u0144 podj\u0119tych w ramach zdalnego nauczania.<\/span><span data-ccp-props=\"{&quot;335551550&quot;:6,&quot;335551620&quot;:6,&quot;335559685&quot;:720,&quot;335559737&quot;:0,&quot;335559739&quot;:160,&quot;335559740&quot;:259,&quot;335559991&quot;:360}\">&nbsp;<\/span><\/li>\n<li data-leveltext=\"\u2022\" data-font=\"Calibri\" data-listid=\"5\" aria-setsize=\"-1\" data-aria-posinset=\"3\" data-aria-level=\"1\"><span data-contrast=\"auto\">Zakres tre<\/span><span data-contrast=\"auto\">\u015bci nauczania do zrealizowania w poszczeg\u00f3lnych oddzia\u0142ach klas odbywa si\u0119 wed\u0142ug tygodniowego planu zaj\u0119\u0107 z uwzgl\u0119dnieniem mo\u017cliwo\u015bci ograniczenia wynikaj\u0105cego ze specyfiki zaj\u0119\u0107.<\/span><span data-ccp-props=\"{&quot;335551550&quot;:6,&quot;335551620&quot;:6,&quot;335559685&quot;:720,&quot;335559737&quot;:0,&quot;335559739&quot;:160,&quot;335559740&quot;:259,&quot;335559991&quot;:360}\">&nbsp;<\/span><\/li>\n<li data-leveltext=\"\u2022\" data-font=\"Calibri\" data-listid=\"5\" aria-setsize=\"-1\" data-aria-posinset=\"4\" data-aria-level=\"1\"><span data-contrast=\"auto\">Monitorowanie post<\/span><span data-contrast=\"auto\">\u0119p\u00f3w uczni\u00f3w, wystawianie ocen bie\u017c\u0105cych i informowanie o nich uczni\u00f3w oraz ich rodzic\u00f3w odbywa si\u0119 poprzez dziennik elektroniczny. W sytuacjach wyj\u0105tkowych nauczyciel mo\u017ce skorzysta\u0107 z komunikator\u00f3w internetowych typu Messenger lub WhatsApp (\u00a7 2 pkt 3 rozporz\u0105dzenia MEN).<\/span><span data-ccp-props=\"{&quot;335551550&quot;:6,&quot;335551620&quot;:6,&quot;335559685&quot;:720,&quot;335559737&quot;:0,&quot;335559739&quot;:160,&quot;335559740&quot;:259,&quot;335559991&quot;:360}\">&nbsp;<\/span><\/li>\n<\/ul>\n<ul>\n<li data-leveltext=\"\u2022\" data-font=\"Calibri\" data-listid=\"5\" aria-setsize=\"-1\" data-aria-posinset=\"1\" data-aria-level=\"1\"><span data-contrast=\"auto\">Egzamin klasyfikacyjny, egzamin poprawkowy, sprawdzian wiadomo<\/span><span data-contrast=\"auto\">\u015bci i umiej\u0119tno\u015bci oraz warunki i spos\u00f3b ustalania rocznej oceny klasyfikacyjnej zachowania w przypadku wniesienia zastrze\u017cenia do trybu ustalenia tej oceny, odbywaj\u0105 si\u0119 zgodnie z zapisami w statucie szko\u0142y droga elektroniczn\u0105.&nbsp;<\/span><span data-ccp-props=\"{&quot;335551550&quot;:6,&quot;335551620&quot;:6,&quot;335559685&quot;:720,&quot;335559737&quot;:0,&quot;335559739&quot;:160,&quot;335559740&quot;:259,&quot;335559991&quot;:360}\">&nbsp;<\/span><\/li>\n<li data-leveltext=\"\u2022\" data-font=\"Calibri\" data-listid=\"5\" aria-setsize=\"-1\" data-aria-posinset=\"2\" data-aria-level=\"1\"><span data-contrast=\"auto\">Dokumentowanie realizacji zdalnego nauczania\u202fodbywa si<\/span><span data-contrast=\"auto\">\u0119 za pomoc\u0105 dziennika elektronicznego.<\/span><span data-ccp-props=\"{&quot;335551550&quot;:6,&quot;335551620&quot;:6,&quot;335559685&quot;:720,&quot;335559737&quot;:0,&quot;335559739&quot;:160,&quot;335559740&quot;:259,&quot;335559991&quot;:360}\">&nbsp;<\/span><\/li>\n<li data-leveltext=\"\u2022\" data-font=\"Calibri\" data-listid=\"5\" aria-setsize=\"-1\" data-aria-posinset=\"3\" data-aria-level=\"1\"><span data-contrast=\"auto\">Szko<\/span><span data-contrast=\"auto\">\u0142a zapewnia ka\u017cdemu uczniowi lub rodzicom mo\u017cliwo\u015b\u0107 konsultacji z nauczycielem prowadz\u0105cym zaj\u0119cia poprzez dziennik elektroniczny.&nbsp;<\/span><span data-ccp-props=\"{&quot;335551550&quot;:6,&quot;335551620&quot;:6,&quot;335559685&quot;:720,&quot;335559737&quot;:0,&quot;335559739&quot;:160,&quot;335559740&quot;:259,&quot;335559991&quot;:360}\">&nbsp;<\/span><\/li>\n<li data-leveltext=\"\u2022\" data-font=\"Calibri\" data-listid=\"5\" aria-setsize=\"-1\" data-aria-posinset=\"4\" data-aria-level=\"1\"><span data-contrast=\"auto\">Dyrektor dokonuje modyfikacji szkolnego zestawu program\u00f3w nauczania po uzgodnieniu z\u202fnauczycielami.<\/span><span data-ccp-props=\"{&quot;335551550&quot;:6,&quot;335551620&quot;:6,&quot;335559685&quot;:720,&quot;335559737&quot;:0,&quot;335559739&quot;:160,&quot;335559740&quot;:259,&quot;335559991&quot;:360}\">&nbsp;<\/span><\/li>\n<li data-leveltext=\"\u2022\" data-font=\"Calibri\" data-listid=\"5\" aria-setsize=\"-1\" data-aria-posinset=\"5\" data-aria-level=\"1\"><span data-contrast=\"auto\">Zaj<\/span><span data-contrast=\"auto\">\u0119cia z wykorzystaniem metod i technik kszta\u0142cenia na odleg\u0142o\u015b\u0107 mog\u0105 by\u0107 realizowane w\u202fszczeg\u00f3lno\u015bci&nbsp;<\/span><span data-ccp-props=\"{&quot;335551550&quot;:6,&quot;335551620&quot;:6,&quot;335559685&quot;:720,&quot;335559737&quot;:0,&quot;335559739&quot;:160,&quot;335559740&quot;:259,&quot;335559991&quot;:360}\">&nbsp;<\/span><\/li>\n<li data-leveltext=\"\u2022\" data-font=\"Calibri\" data-listid=\"5\" aria-setsize=\"-1\" data-aria-posinset=\"5\" data-aria-level=\"1\"><span data-contrast=\"auto\">z wykorzystaniem:&nbsp;<\/span><span data-ccp-props=\"{&quot;335551550&quot;:6,&quot;335551620&quot;:6,&quot;335559685&quot;:1068,&quot;335559737&quot;:0,&quot;335559739&quot;:160,&quot;335559740&quot;:259,&quot;335559991&quot;:360}\">&nbsp;<\/span><\/li>\n<\/ul>\n<ul>\n<li style=\"list-style-type: none;\">\n<ul>\n<li data-leveltext=\"\u2022\" data-font=\"Calibri\" data-listid=\"5\" aria-setsize=\"-1\" data-aria-posinset=\"2\" data-aria-level=\"1\"><span data-contrast=\"auto\">materia<\/span><span data-contrast=\"auto\">\u0142\u00f3w i funkcjonalno\u015bci Zintegrowanej Platformy Edukacyjnej udost\u0119pnionej przez ministra w\u0142a\u015bciwego do spraw o\u015bwiaty i wychowania pod adresem&nbsp;<\/span><a href=\"http:\/\/www.epodreczniki.pl\/\" target=\"_blank\" rel=\"noopener noreferrer\"><span data-contrast=\"none\">www.epodreczniki.pl<\/span><\/a><span data-contrast=\"auto\">,&nbsp;<\/span><span data-ccp-props=\"{&quot;335551550&quot;:6,&quot;335551620&quot;:6,&quot;335559685&quot;:1788,&quot;335559737&quot;:0,&quot;335559739&quot;:160,&quot;335559740&quot;:259,&quot;335559991&quot;:360}\">&nbsp;<\/span><\/li>\n<li data-leveltext=\"\u2022\" data-font=\"Calibri\" data-listid=\"5\" aria-setsize=\"-1\" data-aria-posinset=\"3\" data-aria-level=\"1\"><span data-contrast=\"auto\">materia<\/span><span data-contrast=\"auto\">\u0142\u00f3w dost\u0119pnych na stronach internetowych urz\u0119du obs\u0142uguj\u0105cego ministra w\u0142a\u015bciwego do spraw o\u015bwiaty i wychowania, stronach internetowych jednostek podleg\u0142ych temu ministrowi lub przez niego nadzorowanych, w tym na stronach internetowych Centralnej Komisji Egzaminacyjnej i okr\u0119gowych komisji egzaminacyjnych,<\/span><span data-ccp-props=\"{&quot;335551550&quot;:6,&quot;335551620&quot;:6,&quot;335559685&quot;:1788,&quot;335559737&quot;:0,&quot;335559739&quot;:160,&quot;335559740&quot;:259,&quot;335559991&quot;:360}\">&nbsp;<\/span><\/li>\n<li data-leveltext=\"\u2022\" data-font=\"Calibri\" data-listid=\"5\" aria-setsize=\"-1\" data-aria-posinset=\"4\" data-aria-level=\"1\"><span data-contrast=\"auto\">materia<\/span><span data-contrast=\"auto\">\u0142\u00f3w prezentowanych w programach publicznej telewizji i radiofonii,&nbsp;<\/span><span data-ccp-props=\"{&quot;335551550&quot;:6,&quot;335551620&quot;:6,&quot;335559685&quot;:1788,&quot;335559737&quot;:0,&quot;335559739&quot;:160,&quot;335559740&quot;:259,&quot;335559991&quot;:360}\">&nbsp;<\/span><\/li>\n<li data-leveltext=\"\u2022\" data-font=\"Calibri\" data-listid=\"5\" aria-setsize=\"-1\" data-aria-posinset=\"5\" data-aria-level=\"1\"><span data-contrast=\"auto\">innych ni<\/span><span data-contrast=\"auto\">\u017c wymienione w lit. a\u2013c materia\u0142\u00f3w wskazanych przez nauczyciela;<\/span><span data-ccp-props=\"{&quot;335551550&quot;:6,&quot;335551620&quot;:6,&quot;335559685&quot;:1788,&quot;335559737&quot;:0,&quot;335559739&quot;:160,&quot;335559740&quot;:259,&quot;335559991&quot;:360}\">&nbsp;<\/span><\/li>\n<\/ul>\n<\/li>\n<\/ul>\n<ul>\n<li data-leveltext=\"\u2022\" data-font=\"Calibri\" data-listid=\"5\" aria-setsize=\"-1\" data-aria-posinset=\"1\" data-aria-level=\"1\"><span data-contrast=\"auto\">w formie realizacji zada<\/span><span data-contrast=\"auto\">\u0144 wskazanych przez nauczyciela i daj\u0105cych podstaw\u0119 do oceny pracy ucznia;<\/span><span data-ccp-props=\"{&quot;335551550&quot;:6,&quot;335551620&quot;:6,&quot;335559685&quot;:1068,&quot;335559737&quot;:0,&quot;335559739&quot;:160,&quot;335559740&quot;:259,&quot;335559991&quot;:360}\">&nbsp;<\/span><\/li>\n<li data-leveltext=\"\u2022\" data-font=\"Calibri\" data-listid=\"5\" aria-setsize=\"-1\" data-aria-posinset=\"2\" data-aria-level=\"1\"><span data-contrast=\"auto\">z wykorzystaniem&nbsp;<\/span><span data-contrast=\"auto\">\u015brodk\u00f3w komunikacji elektronicznej zapewniaj\u0105cych wymian\u0119 informacji mi\u0119dzy nauczycielem, uczniem lub rodzicem;<\/span><span data-ccp-props=\"{&quot;335551550&quot;:6,&quot;335551620&quot;:6,&quot;335559685&quot;:1068,&quot;335559737&quot;:0,&quot;335559739&quot;:140,&quot;335559740&quot;:259,&quot;335559991&quot;:360}\">&nbsp;<\/span><\/li>\n<li data-leveltext=\"\u2022\" data-font=\"Calibri\" data-listid=\"5\" aria-setsize=\"-1\" data-aria-posinset=\"3\" data-aria-level=\"1\"><span data-contrast=\"auto\">przez informowanie rodzic\u00f3w o dost<\/span><span data-contrast=\"auto\">\u0119pnych materia\u0142ach i mo\u017cliwych formach ich realizacji przez dziecko lub ucznia w domu \u2013 w przypadku dzieci obj\u0119tych edukacj\u0105 wczesnoszkoln\u0105.&nbsp;<\/span><span data-ccp-props=\"{&quot;335551550&quot;:6,&quot;335551620&quot;:6,&quot;335559685&quot;:1068,&quot;335559737&quot;:0,&quot;335559739&quot;:160,&quot;335559740&quot;:259,&quot;335559991&quot;:360}\">&nbsp;<\/span><\/li>\n<\/ul>\n<p><b><span data-contrast=\"auto\">W obszarze Liceum Og\u00f3lnokszta<\/span><\/b><b><span data-contrast=\"auto\">\u0142c\u0105cego<\/span><\/b><span data-ccp-props=\"{&quot;335551550&quot;:6,&quot;335551620&quot;:6,&quot;335559685&quot;:708,&quot;335559739&quot;:160,&quot;335559740&quot;:259}\">&nbsp;<\/span><\/p>\n<ul>\n<li data-leveltext=\"\u2022\" data-font=\"Calibri\" data-listid=\"10\" aria-setsize=\"-1\" data-aria-posinset=\"4\" data-aria-level=\"1\"><span data-contrast=\"auto\">Dyrekcja zespo<\/span><span data-contrast=\"auto\">\u0142u koordynuje wsp\u00f3\u0142prac\u0119 nauczycieli z rodzicami, uwzgl\u0119dniaj\u0105c potrzeby edukacyjne i mo\u017cliwo\u015bci psychofizyczne uczni\u00f3w, w tym uczni\u00f3w obj\u0119tych kszta\u0142ceniem specjalnym. Nauczyciele poprzez dziennik elektroniczny wysy\u0142aj\u0105 dyrekcji raz w tygodniu raporty zawieraj\u0105ce kr\u00f3tk\u0105 informacj\u0119 na temat dzia\u0142a\u0144 podj\u0119tych w ramach zdalnego nauczania.<\/span><span data-ccp-props=\"{&quot;335551550&quot;:6,&quot;335551620&quot;:6,&quot;335559685&quot;:720,&quot;335559737&quot;:0,&quot;335559739&quot;:160,&quot;335559740&quot;:259,&quot;335559991&quot;:360}\">&nbsp;<\/span><\/li>\n<\/ul>\n<ul>\n<li data-leveltext=\"\u2022\" data-font=\"Calibri\" data-listid=\"10\" aria-setsize=\"-1\" data-aria-posinset=\"1\" data-aria-level=\"1\"><span data-contrast=\"auto\">Zakres tre<\/span><span data-contrast=\"auto\">\u015bci nauczania do zrealizowania w poszczeg\u00f3lnych oddzia\u0142ach klas odbywa si\u0119 wed\u0142ug tygodniowego planu zaj\u0119\u0107 z uwzgl\u0119dnieniem mo\u017cliwo\u015bci ograniczenia wynikaj\u0105cego ze specyfiki zaj\u0119\u0107.<\/span><span data-ccp-props=\"{&quot;335551550&quot;:6,&quot;335551620&quot;:6,&quot;335559685&quot;:720,&quot;335559737&quot;:0,&quot;335559739&quot;:160,&quot;335559740&quot;:259,&quot;335559991&quot;:360}\">&nbsp;<\/span><\/li>\n<li data-leveltext=\"\u2022\" data-font=\"Calibri\" data-listid=\"10\" aria-setsize=\"-1\" data-aria-posinset=\"2\" data-aria-level=\"1\"><span data-contrast=\"auto\">Monitorowanie post<\/span><span data-contrast=\"auto\">\u0119p\u00f3w uczni\u00f3w, wystawianie ocen bie\u017c\u0105cych i informowanie o nich uczni\u00f3w oraz ich rodzic\u00f3w odbywa si\u0119 poprzez dziennik elektroniczny. W sytuacjach wyj\u0105tkowych nauczyciel mo\u017ce skorzysta\u0107 z komunikator\u00f3w internetowych typu Messenger lub WhatsApp (\u00a7 2 pkt 3 rozporz\u0105dzenia MEN).<\/span><span data-ccp-props=\"{&quot;335551550&quot;:6,&quot;335551620&quot;:6,&quot;335559685&quot;:720,&quot;335559737&quot;:0,&quot;335559739&quot;:160,&quot;335559740&quot;:259,&quot;335559991&quot;:360}\">&nbsp;<\/span><\/li>\n<li data-leveltext=\"\u2022\" data-font=\"Calibri\" data-listid=\"10\" aria-setsize=\"-1\" data-aria-posinset=\"3\" data-aria-level=\"1\"><span data-contrast=\"auto\">Egzamin klasyfikacyjny, egzamin poprawkowy, sprawdzian wiadomo<\/span><span data-contrast=\"auto\">\u015bci i umiej\u0119tno\u015bci oraz warunki i spos\u00f3b ustalania rocznej oceny klasyfikacyjnej zachowania w przypadku wniesienia zastrze\u017cenia do trybu ustalenia tej oceny, odbywaj\u0105 si\u0119 zgodnie z zapisami w statucie szko\u0142y drog\u0105 elektroniczn\u0105.<\/span><span data-ccp-props=\"{&quot;335551550&quot;:6,&quot;335551620&quot;:6,&quot;335559685&quot;:720,&quot;335559737&quot;:0,&quot;335559739&quot;:160,&quot;335559740&quot;:259,&quot;335559991&quot;:360}\">&nbsp;<\/span><\/li>\n<li data-leveltext=\"\u2022\" data-font=\"Calibri\" data-listid=\"10\" aria-setsize=\"-1\" data-aria-posinset=\"4\" data-aria-level=\"1\"><span data-contrast=\"auto\">Dokumentowanie realizacji zdalnego nauczania\u202fodbywa si<\/span><span data-contrast=\"auto\">\u0119 za pomoc\u0105 dziennika elektronicznego.<\/span><span data-ccp-props=\"{&quot;335551550&quot;:6,&quot;335551620&quot;:6,&quot;335559685&quot;:720,&quot;335559737&quot;:0,&quot;335559739&quot;:160,&quot;335559740&quot;:259,&quot;335559991&quot;:360}\">&nbsp;<\/span><\/li>\n<li data-leveltext=\"\u2022\" data-font=\"Calibri\" data-listid=\"10\" aria-setsize=\"-1\" data-aria-posinset=\"5\" data-aria-level=\"1\"><span data-contrast=\"auto\">Szko<\/span><span data-contrast=\"auto\">\u0142a zapewnia ka\u017cdemu uczniowi lub rodzicom mo\u017cliwo\u015b\u0107 konsultacji z nauczycielem prowadz\u0105cym zaj\u0119cia poprzez dziennik elektroniczny.&nbsp;<\/span><span data-ccp-props=\"{&quot;335551550&quot;:6,&quot;335551620&quot;:6,&quot;335559685&quot;:720,&quot;335559737&quot;:0,&quot;335559739&quot;:160,&quot;335559740&quot;:259,&quot;335559991&quot;:360}\">&nbsp;<\/span><\/li>\n<\/ul>\n<ul>\n<li data-leveltext=\"\u2022\" data-font=\"Calibri\" data-listid=\"10\" aria-setsize=\"-1\" data-aria-posinset=\"1\" data-aria-level=\"1\"><span data-contrast=\"auto\">Dyrektor dokonuje modyfikacji szkolnego zestawu program\u00f3w nauczania po uzgodnieniu z\u202fnauczycielami.<\/span><span data-ccp-props=\"{&quot;335551550&quot;:6,&quot;335551620&quot;:6,&quot;335559685&quot;:720,&quot;335559737&quot;:0,&quot;335559739&quot;:160,&quot;335559740&quot;:259,&quot;335559991&quot;:360}\">&nbsp;<\/span><\/li>\n<li data-leveltext=\"\u2022\" data-font=\"Calibri\" data-listid=\"10\" aria-setsize=\"-1\" data-aria-posinset=\"2\" data-aria-level=\"1\"><span data-contrast=\"auto\">Zaj<\/span><span data-contrast=\"auto\">\u0119cia z wykorzystaniem metod i technik kszta\u0142cenia na odleg\u0142o\u015b\u0107 mog\u0105 by\u0107 realizowane w\u202fszczeg\u00f3lno\u015bci:&nbsp;<\/span><span data-ccp-props=\"{&quot;335551550&quot;:6,&quot;335551620&quot;:6,&quot;335559685&quot;:720,&quot;335559737&quot;:0,&quot;335559739&quot;:160,&quot;335559740&quot;:259,&quot;335559991&quot;:360}\">&nbsp;<\/span><\/li>\n<li data-leveltext=\"\u2022\" data-font=\"Calibri\" data-listid=\"10\" aria-setsize=\"-1\" data-aria-posinset=\"3\" data-aria-level=\"1\"><span data-contrast=\"auto\">z wykorzystaniem:<\/span><span data-ccp-props=\"{&quot;335551550&quot;:6,&quot;335551620&quot;:6,&quot;335559685&quot;:1068,&quot;335559737&quot;:0,&quot;335559739&quot;:160,&quot;335559740&quot;:259,&quot;335559991&quot;:360}\">&nbsp;<\/span>\n<ul>\n<li data-leveltext=\"\u2022\" data-font=\"Calibri\" data-listid=\"10\" aria-setsize=\"-1\" data-aria-posinset=\"4\" data-aria-level=\"1\"><span data-contrast=\"auto\">materia<\/span><span data-contrast=\"auto\">\u0142\u00f3w i funkcjonalno\u015bci Zintegrowanej Platformy Edukacyjnej udost\u0119pnionej przez ministra w\u0142a\u015bciwego do spraw o\u015bwiaty i wychowania pod adresem <a href=\"http:\/\/www.epodreczniki.pl\/\" target=\"_blank\" rel=\"noopener noreferrer\">www.epodreczniki.pl<\/a>, <\/span><span data-ccp-props=\"{&quot;335551550&quot;:6,&quot;335551620&quot;:6,&quot;335559685&quot;:1788,&quot;335559737&quot;:0,&quot;335559739&quot;:160,&quot;335559740&quot;:259,&quot;335559991&quot;:360}\">&nbsp;<\/span><\/li>\n<li data-leveltext=\"\u2022\" data-font=\"Calibri\" data-listid=\"10\" aria-setsize=\"-1\" data-aria-posinset=\"5\" data-aria-level=\"1\"><span data-contrast=\"auto\">materia<\/span><span data-contrast=\"auto\">\u0142\u00f3w dost\u0119pnych na stronach internetowych urz\u0119du obs\u0142uguj\u0105cego ministra w\u0142a\u015bciwego do spraw o\u015bwiaty i wychowania, stronach internetowych jednostek podleg\u0142ych temu ministrowi lub przez niego nadzorowanych, w tym na stronach internetowych Centralnej Komisji Egzaminacyjnej i okr\u0119gowych komisji egzaminacyjnych,<\/span><span data-ccp-props=\"{&quot;335551550&quot;:6,&quot;335551620&quot;:6,&quot;335559685&quot;:1788,&quot;335559737&quot;:0,&quot;335559739&quot;:160,&quot;335559740&quot;:259,&quot;335559991&quot;:360}\">&nbsp;<\/span><\/li>\n<li data-leveltext=\"\u2022\" data-font=\"Calibri\" data-listid=\"10\" aria-setsize=\"-1\" data-aria-posinset=\"5\" data-aria-level=\"1\"><span data-contrast=\"auto\">materia<\/span><span data-contrast=\"auto\">\u0142\u00f3w prezentowanych w programach publicznej telewizji i radiofonii,<\/span><span data-ccp-props=\"{&quot;335551550&quot;:6,&quot;335551620&quot;:6,&quot;335559685&quot;:1788,&quot;335559737&quot;:0,&quot;335559739&quot;:160,&quot;335559740&quot;:259,&quot;335559991&quot;:360}\">&nbsp;<\/span><\/li>\n<li data-leveltext=\"\u2022\" data-font=\"Calibri\" data-listid=\"10\" aria-setsize=\"-1\" data-aria-posinset=\"5\" data-aria-level=\"1\"><span data-contrast=\"auto\">innych ni<\/span><span data-contrast=\"auto\">\u017c wymienione w lit. a\u2013c materia\u0142\u00f3w wskazanych przez nauczyciela;&nbsp;<\/span><span data-ccp-props=\"{&quot;335551550&quot;:6,&quot;335551620&quot;:6,&quot;335559685&quot;:1788,&quot;335559737&quot;:0,&quot;335559739&quot;:160,&quot;335559740&quot;:259,&quot;335559991&quot;:360}\">&nbsp;<\/span><\/li>\n<\/ul>\n<\/li>\n<\/ul>\n<ul>\n<li data-leveltext=\"\u2022\" data-font=\"Calibri\" data-listid=\"10\" aria-setsize=\"-1\" data-aria-posinset=\"3\" data-aria-level=\"1\"><span data-contrast=\"auto\">przez podejmowanie przez ucznia aktywno<\/span><span data-contrast=\"auto\">\u015bci okre\u015blonych przez nauczyciela, potwierdzaj\u0105cych zapoznanie si\u0119 ze wskazanym materia\u0142em i daj\u0105cych podstaw\u0119 do oceny pracy ucznia;<\/span><span data-ccp-props=\"{&quot;335551550&quot;:6,&quot;335551620&quot;:6,&quot;335559685&quot;:1068,&quot;335559737&quot;:0,&quot;335559739&quot;:160,&quot;335559740&quot;:259,&quot;335559991&quot;:360}\">&nbsp;<\/span><\/li>\n<li data-leveltext=\"\u2022\" data-font=\"Calibri\" data-listid=\"10\" aria-setsize=\"-1\" data-aria-posinset=\"4\" data-aria-level=\"1\"><span data-contrast=\"auto\">z wykorzystaniem&nbsp;<\/span><span data-contrast=\"auto\">\u015brodk\u00f3w komunikacji elektronicznej zapewniaj\u0105cych wymian\u0119 informacji mi\u0119dzy nauczycielem, uczniem lub rodzicem;<\/span><span data-ccp-props=\"{&quot;335551550&quot;:6,&quot;335551620&quot;:6,&quot;335559685&quot;:1068,&quot;335559737&quot;:0,&quot;335559739&quot;:160,&quot;335559740&quot;:259,&quot;335559991&quot;:360}\">&nbsp;<\/span><\/li>\n<li data-leveltext=\"\u2022\" data-font=\"Calibri\" data-listid=\"10\" aria-setsize=\"-1\" data-aria-posinset=\"5\" data-aria-level=\"1\"><span data-contrast=\"auto\">przez informowanie rodzic\u00f3w o dost<\/span><span data-contrast=\"auto\">\u0119pnych materia\u0142ach i mo\u017cliwych formach ich realizacji przez ucznia w domu.&nbsp;<\/span><span data-ccp-props=\"{&quot;335551550&quot;:6,&quot;335551620&quot;:6,&quot;335559685&quot;:1068,&quot;335559737&quot;:0,&quot;335559739&quot;:160,&quot;335559740&quot;:259,&quot;335559991&quot;:360}\">&nbsp;<\/span><\/li>\n<\/ul>\n<p><span data-ccp-props=\"{&quot;335551550&quot;:6,&quot;335551620&quot;:6,&quot;335559685&quot;:720,&quot;335559739&quot;:160,&quot;335559740&quot;:259}\">&nbsp;<\/span><\/p>\n<p><span data-contrast=\"auto\">Dyrektor Zespo<\/span><span data-contrast=\"auto\">\u0142u Szk\u00f3\u0142 w Wo\u0142czynie&nbsp;<\/span><span data-ccp-props=\"{&quot;335551550&quot;:6,&quot;335551620&quot;:6,&quot;335559685&quot;:5245,&quot;335559739&quot;:160,&quot;335559740&quot;:259}\">&nbsp;<\/span><\/p>\n<p><span data-contrast=\"auto\">m<\/span><span data-contrast=\"auto\">gr Ewa W<\/span><span data-contrast=\"auto\">\u0142os<\/span><span data-ccp-props=\"{&quot;335551550&quot;:6,&quot;335551620&quot;:6,&quot;335559685&quot;:5245,&quot;335559739&quot;:160,&quot;335559740&quot;:259}\">&nbsp;<\/span><\/p>\n","protected":false},"excerpt":{"rendered":"<p>ZARZ\u0104DZENIE DYREKTORA&nbsp; DOTYCZ\u0104CE ORGANIZACJI REALIZACJI ZADA\u0143 ZESPO\u0141U SZK\u00d3\u0141 W WO\u0141CZYNIE Z WYKORZYSTANIEM METOD I TECHNIK KSZTA\u0141CENIA NA ODLEG\u0141O\u015a\u0106,&nbsp; ZGODNIE Z <a href=\"http:\/\/zs.wolczyn.pl\/lo\/zarzadzenie-dyrektora-dotyczace-organizacji-realizacji-zadan-zespolu-szkol-w-wolczynie-z-wykorzystaniem-metod-i-technik-ksztalcenia-na-odleglosc\/\" class=\"read-more\">Czytaj dalej &#8230;<\/a><\/p>\n","protected":false},"author":1,"featured_media":0,"comment_status":"closed","ping_status":"closed","sticky":false,"template":"","format":"standard","meta":{"ngg_post_thumbnail":0,"footnotes":""},"categories":[39],"tags":[],"class_list":["post-1824","post","type-post","status-publish","format-standard","hentry","category-dokumenty-szkolne"],"_links":{"self":[{"href":"http:\/\/zs.wolczyn.pl\/lo\/wp-json\/wp\/v2\/posts\/1824"}],"collection":[{"href":"http:\/\/zs.wolczyn.pl\/lo\/wp-json\/wp\/v2\/posts"}],"about":[{"href":"http:\/\/zs.wolczyn.pl\/lo\/wp-json\/wp\/v2\/types\/post"}],"author":[{"embeddable":true,"href":"http:\/\/zs.wolczyn.pl\/lo\/wp-json\/wp\/v2\/users\/1"}],"replies":[{"embeddable":true,"href":"http:\/\/zs.wolczyn.pl\/lo\/wp-json\/wp\/v2\/comments?post=1824"}],"version-history":[{"count":4,"href":"http:\/\/zs.wolczyn.pl\/lo\/wp-json\/wp\/v2\/posts\/1824\/revisions"}],"predecessor-version":[{"id":1832,"href":"http:\/\/zs.wolczyn.pl\/lo\/wp-json\/wp\/v2\/posts\/1824\/revisions\/1832"}],"wp:attachment":[{"href":"http:\/\/zs.wolczyn.pl\/lo\/wp-json\/wp\/v2\/media?parent=1824"}],"wp:term":[{"taxonomy":"category","embeddable":true,"href":"http:\/\/zs.wolczyn.pl\/lo\/wp-json\/wp\/v2\/categories?post=1824"},{"taxonomy":"post_tag","embeddable":true,"href":"http:\/\/zs.wolczyn.pl\/lo\/wp-json\/wp\/v2\/tags?post=1824"}],"curies":[{"name":"wp","href":"https:\/\/api.w.org\/{rel}","templated":true}]}}