{"id":1839,"date":"2020-03-24T21:43:42","date_gmt":"2020-03-24T20:43:42","guid":{"rendered":"http:\/\/zs.wolczyn.pl\/lo\/?p=1839"},"modified":"2020-04-27T16:23:11","modified_gmt":"2020-04-27T14:23:11","slug":"wazny-komunikat","status":"publish","type":"post","link":"http:\/\/zs.wolczyn.pl\/lo\/wazny-komunikat\/","title":{"rendered":"Wa\u017cny komunikat"},"content":{"rendered":"<p>Szanowni Pa\u0144stwo,<\/p>\n<p>W zwi\u0105zku z Rozporz\u0105dzeniem Ministra Edukacji Narodowej z dnia 20 marca 2020 r. w sprawie szczeg\u00f3lnych rozwi\u0105za\u0144 w okresie czasowego ograniczenia funkcjonowania jednostek systemu o\u015bwiaty w zwi\u0105zku z zapobieganiem, przeciwdzia\u0142aniem i zwalczaniem COVID-19 informuj\u0119, \u017ce od jutra tj od dnia 25.03.2020 r. zaj\u0119cia lekcyjne odbywa\u0107 si\u0119 b\u0119d\u0105 zdalnie zgodnie z planem lekcji obowi\u0105zuj\u0105cym do momentu og\u0142oszenia zawieszenia zaj\u0119\u0107.<br \/>\nFormy i metody realizacji zaj\u0119\u0107 oraz ew. modyfikacje i dostosowania okre\u015bla\u0107 b\u0119d\u0105 nauczyciele prowadz\u0105cy zaj\u0119cia w uzgodnieniu z Dyrekcj\u0105 Szko\u0142y.<\/p>\n<p>Dyrektor Szko\u0142y<br \/>\nmgr Ewa W\u0142os<\/p>\n","protected":false},"excerpt":{"rendered":"<p>Szanowni Pa\u0144stwo, W zwi\u0105zku z Rozporz\u0105dzeniem Ministra Edukacji Narodowej z dnia 20 marca 2020 r. w sprawie szczeg\u00f3lnych rozwi\u0105za\u0144 w <a href=\"http:\/\/zs.wolczyn.pl\/lo\/wazny-komunikat\/\" class=\"read-more\">Czytaj dalej &#8230;<\/a><\/p>\n","protected":false},"author":1,"featured_media":1888,"comment_status":"open","ping_status":"open","sticky":false,"template":"","format":"standard","meta":{"ngg_post_thumbnail":0,"footnotes":""},"categories":[17],"tags":[],"class_list":["post-1839","post","type-post","status-publish","format-standard","has-post-thumbnail","hentry","category-z-zycia-szkoly"],"_links":{"self":[{"href":"http:\/\/zs.wolczyn.pl\/lo\/wp-json\/wp\/v2\/posts\/1839"}],"collection":[{"href":"http:\/\/zs.wolczyn.pl\/lo\/wp-json\/wp\/v2\/posts"}],"about":[{"href":"http:\/\/zs.wolczyn.pl\/lo\/wp-json\/wp\/v2\/types\/post"}],"author":[{"embeddable":true,"href":"http:\/\/zs.wolczyn.pl\/lo\/wp-json\/wp\/v2\/users\/1"}],"replies":[{"embeddable":true,"href":"http:\/\/zs.wolczyn.pl\/lo\/wp-json\/wp\/v2\/comments?post=1839"}],"version-history":[{"count":1,"href":"http:\/\/zs.wolczyn.pl\/lo\/wp-json\/wp\/v2\/posts\/1839\/revisions"}],"predecessor-version":[{"id":1840,"href":"http:\/\/zs.wolczyn.pl\/lo\/wp-json\/wp\/v2\/posts\/1839\/revisions\/1840"}],"wp:featuredmedia":[{"embeddable":true,"href":"http:\/\/zs.wolczyn.pl\/lo\/wp-json\/wp\/v2\/media\/1888"}],"wp:attachment":[{"href":"http:\/\/zs.wolczyn.pl\/lo\/wp-json\/wp\/v2\/media?parent=1839"}],"wp:term":[{"taxonomy":"category","embeddable":true,"href":"http:\/\/zs.wolczyn.pl\/lo\/wp-json\/wp\/v2\/categories?post=1839"},{"taxonomy":"post_tag","embeddable":true,"href":"http:\/\/zs.wolczyn.pl\/lo\/wp-json\/wp\/v2\/tags?post=1839"}],"curies":[{"name":"wp","href":"https:\/\/api.w.org\/{rel}","templated":true}]}}