{"id":1992,"date":"2020-06-09T11:21:35","date_gmt":"2020-06-09T09:21:35","guid":{"rendered":"http:\/\/zs.wolczyn.pl\/lo\/?p=1992"},"modified":"2020-06-09T11:21:58","modified_gmt":"2020-06-09T09:21:58","slug":"rozpoznaj-nauczyciela","status":"publish","type":"post","link":"http:\/\/zs.wolczyn.pl\/lo\/rozpoznaj-nauczyciela\/","title":{"rendered":"Rozpoznaj nauczyciela"},"content":{"rendered":"<p style=\"text-align: justify;\">W dniach 26-31 maja 2020 r. odby\u0142 si\u0119 konkurs pt.: \u201eRozpoznaj nauczyciela (lub jego mam\u0119) na fotografii z dzieci\u0144stwa\u201d. Pomys\u0142 zrodzi\u0142 si\u0119 ju\u017c na pocz\u0105tku roku szkolnego, na jednym ze spotka\u0144 Samorz\u0105du Uczniowskiego. Chcieli\u015bmy wprowadzi\u0107 troch\u0119 humoru na ostatni miesi\u0105c nauki.<\/p>\n<p style=\"text-align: justify;\">Niestety (w zwi\u0105zku ze zdalnym nauczaniem) odby\u0142o si\u0119 inaczej ni\u017c planowali\u015bmy, lecz finalnie wysz\u0142o ca\u0142kiem dobrze. Zadaniem uczni\u00f3w by\u0142o wpisanie pod zdj\u0119ciem umieszczonym na Facebooku komentarza z imieniem oraz nazwiskiem nauczyciela. Ku naszemu zdziwieniu w zabawie wzi\u0119li udzia\u0142 nie tylko uczniowie naszej szko\u0142y.<\/p>\n<p style=\"text-align: justify;\">Zadanie nie by\u0142o takie proste, jakby si\u0119 mog\u0142o wydawa\u0107. Niekt\u00f3re zdj\u0119cia sprawi\u0142y nam du\u017c\u0105 trudno\u015b\u0107, a znalezienie podobie\u0144stwa do w\u0142a\u015bciwej osoby na fotografii z dzieci\u0144stwa graniczy\u0142o z cudem. Znale\u017ali si\u0119 uczniowie, a tak\u017ce ich rodzice, kt\u00f3rzy bardzo zaanga\u017cowali si\u0119 w to przedsi\u0119wzi\u0119cie. Sukcesywne komentowanie wp\u0142yn\u0119\u0142o na wi\u0119ksz\u0105 sum\u0119 punkt\u00f3w dodatnich, kt\u00f3re by\u0142y nagrod\u0105 za udzia\u0142 w konkursie.<\/p>\n<p style=\"text-align: justify;\">Codziennie ka\u017cdy czeka\u0142 z niecierpliwo\u015bci\u0105 na odpowied\u017a. Taki konkurs to \u015bwietna zabawa i odpoczynek od codziennych spraw.<\/p>\n<p style=\"text-align: justify;\">Dzi\u0119kujemy wszystkim za udzia\u0142 i zaanga\u017cowanie!<\/p>\n<p><a href=\"http:\/\/zs.wolczyn.pl\/lo\/wp-content\/uploads\/2020\/06\/kola\u017c.jpg\"><img fetchpriority=\"high\" decoding=\"async\" class=\"aligncenter size-full wp-image-1993\" src=\"http:\/\/zs.wolczyn.pl\/lo\/wp-content\/uploads\/2020\/06\/kola\u017c.jpg\" alt=\"\" width=\"650\" height=\"610\" srcset=\"http:\/\/zs.wolczyn.pl\/lo\/wp-content\/uploads\/2020\/06\/kola\u017c.jpg 650w, http:\/\/zs.wolczyn.pl\/lo\/wp-content\/uploads\/2020\/06\/kola\u017c-300x282.jpg 300w\" sizes=\"(max-width: 650px) 100vw, 650px\" \/><\/a><\/p>\n","protected":false},"excerpt":{"rendered":"<p>W dniach 26-31 maja 2020 r. odby\u0142 si\u0119 konkurs pt.: \u201eRozpoznaj nauczyciela (lub jego mam\u0119) na fotografii z dzieci\u0144stwa\u201d. Pomys\u0142 <a href=\"http:\/\/zs.wolczyn.pl\/lo\/rozpoznaj-nauczyciela\/\" class=\"read-more\">Czytaj dalej &#8230;<\/a><\/p>\n","protected":false},"author":1,"featured_media":1993,"comment_status":"closed","ping_status":"closed","sticky":false,"template":"","format":"standard","meta":{"ngg_post_thumbnail":0,"footnotes":""},"categories":[17],"tags":[],"class_list":["post-1992","post","type-post","status-publish","format-standard","has-post-thumbnail","hentry","category-z-zycia-szkoly"],"_links":{"self":[{"href":"http:\/\/zs.wolczyn.pl\/lo\/wp-json\/wp\/v2\/posts\/1992"}],"collection":[{"href":"http:\/\/zs.wolczyn.pl\/lo\/wp-json\/wp\/v2\/posts"}],"about":[{"href":"http:\/\/zs.wolczyn.pl\/lo\/wp-json\/wp\/v2\/types\/post"}],"author":[{"embeddable":true,"href":"http:\/\/zs.wolczyn.pl\/lo\/wp-json\/wp\/v2\/users\/1"}],"replies":[{"embeddable":true,"href":"http:\/\/zs.wolczyn.pl\/lo\/wp-json\/wp\/v2\/comments?post=1992"}],"version-history":[{"count":1,"href":"http:\/\/zs.wolczyn.pl\/lo\/wp-json\/wp\/v2\/posts\/1992\/revisions"}],"predecessor-version":[{"id":1994,"href":"http:\/\/zs.wolczyn.pl\/lo\/wp-json\/wp\/v2\/posts\/1992\/revisions\/1994"}],"wp:featuredmedia":[{"embeddable":true,"href":"http:\/\/zs.wolczyn.pl\/lo\/wp-json\/wp\/v2\/media\/1993"}],"wp:attachment":[{"href":"http:\/\/zs.wolczyn.pl\/lo\/wp-json\/wp\/v2\/media?parent=1992"}],"wp:term":[{"taxonomy":"category","embeddable":true,"href":"http:\/\/zs.wolczyn.pl\/lo\/wp-json\/wp\/v2\/categories?post=1992"},{"taxonomy":"post_tag","embeddable":true,"href":"http:\/\/zs.wolczyn.pl\/lo\/wp-json\/wp\/v2\/tags?post=1992"}],"curies":[{"name":"wp","href":"https:\/\/api.w.org\/{rel}","templated":true}]}}