{"id":5916,"date":"2023-05-11T07:53:39","date_gmt":"2023-05-11T05:53:39","guid":{"rendered":"http:\/\/zs.wolczyn.pl\/lo\/?p=5916"},"modified":"2023-05-11T08:16:54","modified_gmt":"2023-05-11T06:16:54","slug":"obchody-rocznicy-uchwalenia-konstytucji-3-maja-w-zs-w-wolczynie","status":"publish","type":"post","link":"http:\/\/zs.wolczyn.pl\/lo\/obchody-rocznicy-uchwalenia-konstytucji-3-maja-w-zs-w-wolczynie\/","title":{"rendered":"Obchody rocznicy uchwalenia Konstytucji 3 Maja w ZS w Wo\u0142czynie"},"content":{"rendered":"<p>Po przerwie spowodowanej pandemi\u0105 w tym roku szkolnym mogli\u015bmy wr\u00f3ci\u0107 do organizacji tradycyjnych uroczysto\u015bci szkolnych. <!--more-->Tak wi\u0119c z okazji 232. rocznicy uchwalenia konstytucji majowej uczniowie naszego liceum i kl. 8E pod opiek\u0105 nauczyciela historii B. Kwiato\u0144 Czernik przygotowali akademi\u0119 w formie monta\u017cu s\u0142owno-muzycznego. Wcielaj\u0105c si\u0119 w postaci pos\u0142\u00f3w, kr\u00f3la i innych polityk\u00f3w o\u015bwieceniowych, przypomnieli o okoliczno\u015bciach historycznych uchwalenia konstytucji oraz o jej postanowieniach. Zwr\u00f3cili\u015bmy uwag\u0119 na te warto\u015bci, kt\u00f3re w Ustawie Rz\u0105dowej z 3 maja 1791 r. maj\u0105 charakter ponadczasowy: ide\u0119 silnego i nowoczesnego pa\u0144stwa, zasad\u0119 suwerenno\u015bci Narodu, obowi\u0105zki obywatelskie, ale tak\u017ce na to, co nikczemne w naszej historii, czyli na problem zdrady, kt\u00f3rej symbolem sta\u0142a si\u0119 Targowica.&nbsp; No c\u00f3\u017c, <em>Historia vitae magistra est<\/em>. Pod warunkiem, \u017ce chcemy si\u0119 jej uczy\u0107.<\/p>\nngg_shortcode_0_placeholder\n","protected":false},"excerpt":{"rendered":"<p>Po przerwie spowodowanej pandemi\u0105 w tym roku szkolnym mogli\u015bmy wr\u00f3ci\u0107 do organizacji tradycyjnych uroczysto\u015bci szkolnych.<\/p>\n","protected":false},"author":1,"featured_media":5937,"comment_status":"closed","ping_status":"closed","sticky":false,"template":"","format":"standard","meta":{"ngg_post_thumbnail":0,"footnotes":""},"categories":[17],"tags":[],"class_list":["post-5916","post","type-post","status-publish","format-standard","has-post-thumbnail","hentry","category-z-zycia-szkoly"],"_links":{"self":[{"href":"http:\/\/zs.wolczyn.pl\/lo\/wp-json\/wp\/v2\/posts\/5916"}],"collection":[{"href":"http:\/\/zs.wolczyn.pl\/lo\/wp-json\/wp\/v2\/posts"}],"about":[{"href":"http:\/\/zs.wolczyn.pl\/lo\/wp-json\/wp\/v2\/types\/post"}],"author":[{"embeddable":true,"href":"http:\/\/zs.wolczyn.pl\/lo\/wp-json\/wp\/v2\/users\/1"}],"replies":[{"embeddable":true,"href":"http:\/\/zs.wolczyn.pl\/lo\/wp-json\/wp\/v2\/comments?post=5916"}],"version-history":[{"count":2,"href":"http:\/\/zs.wolczyn.pl\/lo\/wp-json\/wp\/v2\/posts\/5916\/revisions"}],"predecessor-version":[{"id":5935,"href":"http:\/\/zs.wolczyn.pl\/lo\/wp-json\/wp\/v2\/posts\/5916\/revisions\/5935"}],"wp:featuredmedia":[{"embeddable":true,"href":"http:\/\/zs.wolczyn.pl\/lo\/wp-json\/wp\/v2\/media\/5937"}],"wp:attachment":[{"href":"http:\/\/zs.wolczyn.pl\/lo\/wp-json\/wp\/v2\/media?parent=5916"}],"wp:term":[{"taxonomy":"category","embeddable":true,"href":"http:\/\/zs.wolczyn.pl\/lo\/wp-json\/wp\/v2\/categories?post=5916"},{"taxonomy":"post_tag","embeddable":true,"href":"http:\/\/zs.wolczyn.pl\/lo\/wp-json\/wp\/v2\/tags?post=5916"}],"curies":[{"name":"wp","href":"https:\/\/api.w.org\/{rel}","templated":true}]}}