{"id":5945,"date":"2023-05-18T08:17:19","date_gmt":"2023-05-18T06:17:19","guid":{"rendered":"http:\/\/zs.wolczyn.pl\/lo\/?p=5945"},"modified":"2023-05-18T08:27:13","modified_gmt":"2023-05-18T06:27:13","slug":"licealisci-w-sejmie","status":"publish","type":"post","link":"http:\/\/zs.wolczyn.pl\/lo\/licealisci-w-sejmie\/","title":{"rendered":"Liceali\u015bci w Sejmie"},"content":{"rendered":"<p>W miniony czwartek 11 maja mieli\u015bmy przyjemno\u015b\u0107 zwiedzi\u0107 Sejm. Trasa dla zwiedzaj\u0105cych rozpocz\u0119\u0142a si\u0119 w Centrum&nbsp; i obj\u0119\u0142a przej\u015bcie podziemnym korytarzem, <!--more-->gdzie zaprezentowana zosta\u0142a nam wystawa dotycz\u0105ca sejmowania w okresie I Rzeczpospolitej, a tak\u017ce makieta wsp\u00f3\u0142czesnego kompleksu budynk\u00f3w sejmowych. Zobaczyli\u015bmy Sal\u0119 Posiedze\u0144 Sejmu, a tak\u017ce wys\u0142uchali\u015bmy prelekcji dotycz\u0105cej historii i wsp\u00f3\u0142czesno\u015bci polskiego parlamentaryzmu.<\/p>\nngg_shortcode_0_placeholder\n","protected":false},"excerpt":{"rendered":"<p>W miniony czwartek 11 maja mieli\u015bmy przyjemno\u015b\u0107 zwiedzi\u0107 Sejm. Trasa dla zwiedzaj\u0105cych rozpocz\u0119\u0142a si\u0119 w Centrum&nbsp; i obj\u0119\u0142a przej\u015bcie podziemnym <a href=\"http:\/\/zs.wolczyn.pl\/lo\/licealisci-w-sejmie\/\" class=\"read-more\">Czytaj dalej &#8230;<\/a><\/p>\n","protected":false},"author":1,"featured_media":5963,"comment_status":"closed","ping_status":"closed","sticky":false,"template":"","format":"standard","meta":{"ngg_post_thumbnail":0,"footnotes":""},"categories":[17],"tags":[],"class_list":["post-5945","post","type-post","status-publish","format-standard","has-post-thumbnail","hentry","category-z-zycia-szkoly"],"_links":{"self":[{"href":"http:\/\/zs.wolczyn.pl\/lo\/wp-json\/wp\/v2\/posts\/5945"}],"collection":[{"href":"http:\/\/zs.wolczyn.pl\/lo\/wp-json\/wp\/v2\/posts"}],"about":[{"href":"http:\/\/zs.wolczyn.pl\/lo\/wp-json\/wp\/v2\/types\/post"}],"author":[{"embeddable":true,"href":"http:\/\/zs.wolczyn.pl\/lo\/wp-json\/wp\/v2\/users\/1"}],"replies":[{"embeddable":true,"href":"http:\/\/zs.wolczyn.pl\/lo\/wp-json\/wp\/v2\/comments?post=5945"}],"version-history":[{"count":2,"href":"http:\/\/zs.wolczyn.pl\/lo\/wp-json\/wp\/v2\/posts\/5945\/revisions"}],"predecessor-version":[{"id":5962,"href":"http:\/\/zs.wolczyn.pl\/lo\/wp-json\/wp\/v2\/posts\/5945\/revisions\/5962"}],"wp:featuredmedia":[{"embeddable":true,"href":"http:\/\/zs.wolczyn.pl\/lo\/wp-json\/wp\/v2\/media\/5963"}],"wp:attachment":[{"href":"http:\/\/zs.wolczyn.pl\/lo\/wp-json\/wp\/v2\/media?parent=5945"}],"wp:term":[{"taxonomy":"category","embeddable":true,"href":"http:\/\/zs.wolczyn.pl\/lo\/wp-json\/wp\/v2\/categories?post=5945"},{"taxonomy":"post_tag","embeddable":true,"href":"http:\/\/zs.wolczyn.pl\/lo\/wp-json\/wp\/v2\/tags?post=5945"}],"curies":[{"name":"wp","href":"https:\/\/api.w.org\/{rel}","templated":true}]}}