{"id":5964,"date":"2023-05-15T08:33:01","date_gmt":"2023-05-15T06:33:01","guid":{"rendered":"http:\/\/zs.wolczyn.pl\/lo\/?p=5964"},"modified":"2023-05-18T08:50:11","modified_gmt":"2023-05-18T06:50:11","slug":"wycieczka-uczniow-klas-i-lo-i-klas-8-sp-do-pragi","status":"publish","type":"post","link":"http:\/\/zs.wolczyn.pl\/lo\/wycieczka-uczniow-klas-i-lo-i-klas-8-sp-do-pragi\/","title":{"rendered":"Wycieczka uczni\u00f3w klas I LO i klas 8 SP do Pragi"},"content":{"rendered":"<div class=\"xdj266r x11i5rnm xat24cr x1mh8g0r x1vvkbs x126k92a\">\n<div dir=\"auto\">W dniach 11 &#8211; 12.05.2023r. uczniowie klas 8 i I LO uczestniczyli w wycieczce do stolicy Czech Pragi. Uczestnicy weszli na wie\u017c\u0119 widokow\u0105 Petrzin oraz zwiedzali<\/div>\n<\/div>\n<p><!--more--><\/p>\n<div class=\"x11i5rnm xat24cr x1mh8g0r x1vvkbs xtlvy1s x126k92a\">\n<div class=\"xdj266r x11i5rnm xat24cr x1mh8g0r x1vvkbs x126k92a\">\n<div dir=\"auto\">zabytkowe centrum miasta m.in. Most Karola, Zamek Praski, Pa\u0142ac Lucerna, Katedr\u0119 \u015bw. Wita, zegar astronomiczny. Odwiedzili\u015bmy r\u00f3wnie\u017c Stare i Nowe Miasto. Uczniowie wraz z nauczycielami dowiedzieli si\u0119 du\u017co r\u00f3\u017cnych, ciekawych informacji o Pradze od naszego przewodnika &#8211; Pana Przemka. Zadowoleni i szcz\u0119\u015bliwi powr\u00f3cili\u015bmy do dom\u00f3w<\/div>\n<div dir=\"auto\">&nbsp;<\/div>\n<div dir=\"auto\" style=\"text-align: right;\">Milena Ch. , Kaja N., Amelia S. z klasy 8 d.<\/div>\n<div dir=\"auto\">ngg_shortcode_0_placeholder<\/div>\n<\/div>\n<\/div>\n","protected":false},"excerpt":{"rendered":"<p>W dniach 11 &#8211; 12.05.2023r. uczniowie klas 8 i I LO uczestniczyli w wycieczce do stolicy Czech Pragi. Uczestnicy weszli <a href=\"http:\/\/zs.wolczyn.pl\/lo\/wycieczka-uczniow-klas-i-lo-i-klas-8-sp-do-pragi\/\" class=\"read-more\">Czytaj dalej &#8230;<\/a><\/p>\n","protected":false},"author":1,"featured_media":5993,"comment_status":"closed","ping_status":"closed","sticky":false,"template":"","format":"standard","meta":{"ngg_post_thumbnail":0,"footnotes":""},"categories":[17],"tags":[],"class_list":["post-5964","post","type-post","status-publish","format-standard","has-post-thumbnail","hentry","category-z-zycia-szkoly"],"_links":{"self":[{"href":"http:\/\/zs.wolczyn.pl\/lo\/wp-json\/wp\/v2\/posts\/5964"}],"collection":[{"href":"http:\/\/zs.wolczyn.pl\/lo\/wp-json\/wp\/v2\/posts"}],"about":[{"href":"http:\/\/zs.wolczyn.pl\/lo\/wp-json\/wp\/v2\/types\/post"}],"author":[{"embeddable":true,"href":"http:\/\/zs.wolczyn.pl\/lo\/wp-json\/wp\/v2\/users\/1"}],"replies":[{"embeddable":true,"href":"http:\/\/zs.wolczyn.pl\/lo\/wp-json\/wp\/v2\/comments?post=5964"}],"version-history":[{"count":4,"href":"http:\/\/zs.wolczyn.pl\/lo\/wp-json\/wp\/v2\/posts\/5964\/revisions"}],"predecessor-version":[{"id":5996,"href":"http:\/\/zs.wolczyn.pl\/lo\/wp-json\/wp\/v2\/posts\/5964\/revisions\/5996"}],"wp:featuredmedia":[{"embeddable":true,"href":"http:\/\/zs.wolczyn.pl\/lo\/wp-json\/wp\/v2\/media\/5993"}],"wp:attachment":[{"href":"http:\/\/zs.wolczyn.pl\/lo\/wp-json\/wp\/v2\/media?parent=5964"}],"wp:term":[{"taxonomy":"category","embeddable":true,"href":"http:\/\/zs.wolczyn.pl\/lo\/wp-json\/wp\/v2\/categories?post=5964"},{"taxonomy":"post_tag","embeddable":true,"href":"http:\/\/zs.wolczyn.pl\/lo\/wp-json\/wp\/v2\/tags?post=5964"}],"curies":[{"name":"wp","href":"https:\/\/api.w.org\/{rel}","templated":true}]}}