{"id":5997,"date":"2023-05-18T09:07:36","date_gmt":"2023-05-18T07:07:36","guid":{"rendered":"http:\/\/zs.wolczyn.pl\/lo\/?p=5997"},"modified":"2023-05-18T09:11:49","modified_gmt":"2023-05-18T07:11:49","slug":"licealny-konkurs-szachowy","status":"publish","type":"post","link":"http:\/\/zs.wolczyn.pl\/lo\/licealny-konkurs-szachowy\/","title":{"rendered":"Licealny konkurs szachowy"},"content":{"rendered":"<div dir=\"auto\">W \u015brod\u0119 17.05.2023 r. odby\u0142 si\u0119 turniej szachowy w naszym liceum. W galerii poni\u017cej przedstawiamy nasz\u0105 grup\u0119 szachist\u00f3w,<\/div>\n<p><!--more--><\/p>\n<div dir=\"auto\">a na ostatnim zdj\u0119ciu najlepsi Szymon Habrajski oraz Kacper Klimowicz, kt\u00f3rzy b\u0119d\u0105 rozgrywa\u0107 rund\u0119 fina\u0142ow\u0105 1.06.2023 r. na wo\u0142czy\u0144skim skwerze jask\u00f3\u0142ki powsta\u0142ym z inicjatywy firmy <a class=\"x1i10hfl xjbqb8w x6umtig x1b1mbwd xaqea5y xav7gou x9f619 x1ypdohk xt0psk2 xe8uvvx xdj266r x11i5rnm xat24cr x1mh8g0r xexx8yu x4uap5 x18d9i69 xkhd6sd x16tdsg8 x1hl2dhg xggy1nq x1a2a7pz xt0b8zv x1qq9wsj xo1l8bm\" tabindex=\"0\" role=\"link\" href=\"https:\/\/www.facebook.com\/LesaffrePolska?__cft__[0]=AZUwBiWW28dQYCKpGTJOYhyVNZvwcfdz8kughCC_EWe9hdzjGfasYwgKSVxLz8QYpCmFu-qSUz_athECQE__IWT29MSD5AQek8gmBVeu0NCMOkvqZMktss3XxCFhxjmlL4QK5y8D8mqJLknNs_3wiyoz&amp;__tn__=-]K-R\"><span class=\"xt0psk2\">Lesaffre Polska S.A.<\/span><\/a>.<\/div>\n<div dir=\"auto\">Trzymamy kciuki!!!<\/div>\n<div dir=\"auto\">ngg_shortcode_0_placeholder<\/div>\n","protected":false},"excerpt":{"rendered":"<p>W \u015brod\u0119 17.05.2023 r. odby\u0142 si\u0119 turniej szachowy w naszym liceum. W galerii poni\u017cej przedstawiamy nasz\u0105 grup\u0119 szachist\u00f3w,<\/p>\n","protected":false},"author":1,"featured_media":6011,"comment_status":"closed","ping_status":"closed","sticky":false,"template":"","format":"standard","meta":{"ngg_post_thumbnail":0,"footnotes":""},"categories":[54,17],"tags":[],"class_list":["post-5997","post","type-post","status-publish","format-standard","has-post-thumbnail","hentry","category-wspolpraca","category-z-zycia-szkoly"],"_links":{"self":[{"href":"http:\/\/zs.wolczyn.pl\/lo\/wp-json\/wp\/v2\/posts\/5997"}],"collection":[{"href":"http:\/\/zs.wolczyn.pl\/lo\/wp-json\/wp\/v2\/posts"}],"about":[{"href":"http:\/\/zs.wolczyn.pl\/lo\/wp-json\/wp\/v2\/types\/post"}],"author":[{"embeddable":true,"href":"http:\/\/zs.wolczyn.pl\/lo\/wp-json\/wp\/v2\/users\/1"}],"replies":[{"embeddable":true,"href":"http:\/\/zs.wolczyn.pl\/lo\/wp-json\/wp\/v2\/comments?post=5997"}],"version-history":[{"count":3,"href":"http:\/\/zs.wolczyn.pl\/lo\/wp-json\/wp\/v2\/posts\/5997\/revisions"}],"predecessor-version":[{"id":6010,"href":"http:\/\/zs.wolczyn.pl\/lo\/wp-json\/wp\/v2\/posts\/5997\/revisions\/6010"}],"wp:featuredmedia":[{"embeddable":true,"href":"http:\/\/zs.wolczyn.pl\/lo\/wp-json\/wp\/v2\/media\/6011"}],"wp:attachment":[{"href":"http:\/\/zs.wolczyn.pl\/lo\/wp-json\/wp\/v2\/media?parent=5997"}],"wp:term":[{"taxonomy":"category","embeddable":true,"href":"http:\/\/zs.wolczyn.pl\/lo\/wp-json\/wp\/v2\/categories?post=5997"},{"taxonomy":"post_tag","embeddable":true,"href":"http:\/\/zs.wolczyn.pl\/lo\/wp-json\/wp\/v2\/tags?post=5997"}],"curies":[{"name":"wp","href":"https:\/\/api.w.org\/{rel}","templated":true}]}}