{"id":6017,"date":"2023-06-12T07:37:57","date_gmt":"2023-06-12T05:37:57","guid":{"rendered":"http:\/\/zs.wolczyn.pl\/lo\/?p=6017"},"modified":"2025-02-13T09:17:19","modified_gmt":"2025-02-13T08:17:19","slug":"i-szkolny-festiwal-filmow-autorskich","status":"publish","type":"post","link":"http:\/\/zs.wolczyn.pl\/lo\/i-szkolny-festiwal-filmow-autorskich\/","title":{"rendered":"I Szkolny Festiwal Film\u00f3w Autorskich"},"content":{"rendered":"<p>6 czerwca 2023 r. odby\u0142 si\u0119 I Szkolny Festiwal Film\u00f3w Autorskich. Klasy 2 i 3 LO dzieli\u0142y si\u0119 swoimi filmowymi pomys\u0142ami na oswojenie lektur.<br \/>\nW ramach realizacji projektu mi\u0119dzyprzedmiotowego z polskiego i informatyki przedstawili wybrane fragmenty &#8222;Lalki&#8221; Boles\u0142awa Prusa oraz portrety bohatera romantycznego.<br \/>\nJurorzy wy\u0142onili zwyci\u0119zc\u0119, a tw\u00f3rcy (i aktorzy w jednym) zostali nagrodzeni brawami i Oskarami.<br \/>\nCzekamy z niecierpliwo\u015bci\u0105 na kolejne ods\u0142ony<br \/>\nBNJ i MK<\/p>\nngg_shortcode_0_placeholder\n","protected":false},"excerpt":{"rendered":"<p>6 czerwca 2023 r. odby\u0142 si\u0119 I Szkolny Festiwal Film\u00f3w Autorskich. Klasy 2 i 3 LO dzieli\u0142y si\u0119 swoimi filmowymi <a href=\"http:\/\/zs.wolczyn.pl\/lo\/i-szkolny-festiwal-filmow-autorskich\/\" class=\"read-more\">Czytaj dalej &#8230;<\/a><\/p>\n","protected":false},"author":1,"featured_media":4156,"comment_status":"closed","ping_status":"closed","sticky":false,"template":"","format":"standard","meta":{"ngg_post_thumbnail":0,"footnotes":""},"categories":[17],"tags":[],"class_list":["post-6017","post","type-post","status-publish","format-standard","has-post-thumbnail","hentry","category-z-zycia-szkoly"],"_links":{"self":[{"href":"http:\/\/zs.wolczyn.pl\/lo\/wp-json\/wp\/v2\/posts\/6017"}],"collection":[{"href":"http:\/\/zs.wolczyn.pl\/lo\/wp-json\/wp\/v2\/posts"}],"about":[{"href":"http:\/\/zs.wolczyn.pl\/lo\/wp-json\/wp\/v2\/types\/post"}],"author":[{"embeddable":true,"href":"http:\/\/zs.wolczyn.pl\/lo\/wp-json\/wp\/v2\/users\/1"}],"replies":[{"embeddable":true,"href":"http:\/\/zs.wolczyn.pl\/lo\/wp-json\/wp\/v2\/comments?post=6017"}],"version-history":[{"count":2,"href":"http:\/\/zs.wolczyn.pl\/lo\/wp-json\/wp\/v2\/posts\/6017\/revisions"}],"predecessor-version":[{"id":6042,"href":"http:\/\/zs.wolczyn.pl\/lo\/wp-json\/wp\/v2\/posts\/6017\/revisions\/6042"}],"wp:featuredmedia":[{"embeddable":true,"href":"http:\/\/zs.wolczyn.pl\/lo\/wp-json\/wp\/v2\/media\/4156"}],"wp:attachment":[{"href":"http:\/\/zs.wolczyn.pl\/lo\/wp-json\/wp\/v2\/media?parent=6017"}],"wp:term":[{"taxonomy":"category","embeddable":true,"href":"http:\/\/zs.wolczyn.pl\/lo\/wp-json\/wp\/v2\/categories?post=6017"},{"taxonomy":"post_tag","embeddable":true,"href":"http:\/\/zs.wolczyn.pl\/lo\/wp-json\/wp\/v2\/tags?post=6017"}],"curies":[{"name":"wp","href":"https:\/\/api.w.org\/{rel}","templated":true}]}}