{"id":6044,"date":"2023-06-13T13:30:08","date_gmt":"2023-06-13T11:30:08","guid":{"rendered":"http:\/\/zs.wolczyn.pl\/lo\/?p=6044"},"modified":"2023-06-15T09:18:40","modified_gmt":"2023-06-15T07:18:40","slug":"to-byl-naprawde-dobry-czas%f0%9f%92%99","status":"publish","type":"post","link":"http:\/\/zs.wolczyn.pl\/lo\/to-byl-naprawde-dobry-czas%f0%9f%92%99\/","title":{"rendered":"To by\u0142 naprawd\u0119 dobry czas&#x1f499;"},"content":{"rendered":"<p>12.06 klasa III liceum na zako\u0144czenie pracowitego roku odwiedzi\u0142a Wroc\u0142aw. Pierwszy punkt wycieczki to niesamowita wystawa impresjonist\u00f3w. Drugi &#8211; r\u00f3wnie ciekawa historyczno -filmowa w MovieGate. Wszystkim si\u0119 bardzo podoba\u0142o.<\/p>\nngg_shortcode_0_placeholder\n","protected":false},"excerpt":{"rendered":"<p>12.06 klasa III liceum na zako\u0144czenie pracowitego roku odwiedzi\u0142a Wroc\u0142aw. Pierwszy punkt wycieczki to niesamowita wystawa impresjonist\u00f3w. Drugi &#8211; r\u00f3wnie <a href=\"http:\/\/zs.wolczyn.pl\/lo\/to-byl-naprawde-dobry-czas%f0%9f%92%99\/\" class=\"read-more\">Czytaj dalej &#8230;<\/a><\/p>\n","protected":false},"author":1,"featured_media":6104,"comment_status":"closed","ping_status":"closed","sticky":false,"template":"","format":"standard","meta":{"ngg_post_thumbnail":0,"footnotes":""},"categories":[17],"tags":[],"class_list":["post-6044","post","type-post","status-publish","format-standard","has-post-thumbnail","hentry","category-z-zycia-szkoly"],"_links":{"self":[{"href":"http:\/\/zs.wolczyn.pl\/lo\/wp-json\/wp\/v2\/posts\/6044"}],"collection":[{"href":"http:\/\/zs.wolczyn.pl\/lo\/wp-json\/wp\/v2\/posts"}],"about":[{"href":"http:\/\/zs.wolczyn.pl\/lo\/wp-json\/wp\/v2\/types\/post"}],"author":[{"embeddable":true,"href":"http:\/\/zs.wolczyn.pl\/lo\/wp-json\/wp\/v2\/users\/1"}],"replies":[{"embeddable":true,"href":"http:\/\/zs.wolczyn.pl\/lo\/wp-json\/wp\/v2\/comments?post=6044"}],"version-history":[{"count":2,"href":"http:\/\/zs.wolczyn.pl\/lo\/wp-json\/wp\/v2\/posts\/6044\/revisions"}],"predecessor-version":[{"id":6055,"href":"http:\/\/zs.wolczyn.pl\/lo\/wp-json\/wp\/v2\/posts\/6044\/revisions\/6055"}],"wp:featuredmedia":[{"embeddable":true,"href":"http:\/\/zs.wolczyn.pl\/lo\/wp-json\/wp\/v2\/media\/6104"}],"wp:attachment":[{"href":"http:\/\/zs.wolczyn.pl\/lo\/wp-json\/wp\/v2\/media?parent=6044"}],"wp:term":[{"taxonomy":"category","embeddable":true,"href":"http:\/\/zs.wolczyn.pl\/lo\/wp-json\/wp\/v2\/categories?post=6044"},{"taxonomy":"post_tag","embeddable":true,"href":"http:\/\/zs.wolczyn.pl\/lo\/wp-json\/wp\/v2\/tags?post=6044"}],"curies":[{"name":"wp","href":"https:\/\/api.w.org\/{rel}","templated":true}]}}