{"id":6157,"date":"2023-06-28T09:19:31","date_gmt":"2023-06-28T07:19:31","guid":{"rendered":"http:\/\/zs.wolczyn.pl\/lo\/?p=6157"},"modified":"2023-09-04T09:31:02","modified_gmt":"2023-09-04T07:31:02","slug":"zakonczenie-roku-szkolnego-2022-2023","status":"publish","type":"post","link":"http:\/\/zs.wolczyn.pl\/lo\/zakonczenie-roku-szkolnego-2022-2023\/","title":{"rendered":"Zako\u0144czenie roku szkolnego 2022-2023"},"content":{"rendered":"<div class=\"xdj266r x11i5rnm xat24cr x1mh8g0r x1vvkbs x126k92a\">\n<div dir=\"auto\">&#8222;Nic dwa razy si\u0119 nie zdarza<\/div>\n<div dir=\"auto\">i nie zdarzy. Z tej przyczyny<\/div>\n<div dir=\"auto\">zrodzili\u015bmy si\u0119 bez wprawy<\/div>\n<div dir=\"auto\">i pomrzemy bez rutyny&#8230;&#8221;<\/div>\n<\/div>\n<p><!--more--><\/p>\n<div class=\"x11i5rnm xat24cr x1mh8g0r x1vvkbs xtlvy1s x126k92a\">\n<div dir=\"auto\">Koniec roku szkolnego to czas podsumowa\u0144, nie ukrywamy, \u017ce by\u0142 trudny, ale wszyscy jeste\u015bmy szcz\u0119\u015bliwi, \u017ce pozytywnie uko\u0144czyli\u015bmy kolejny etap nauki. Sk\u0142adamy gratulacje wszystkim, gdy\u017c istot\u0105 naszej edukacyjnej w\u0119dr\u00f3wki nie jest osi\u0105gni\u0119cie celu, ale to, czego si\u0119 po drodze uczymy i jak si\u0119 rozwijamy. Wierzymy, \u017ce ka\u017cdy z Was w tym roku czego\u015b si\u0119 nauczy\u0142, co\u015b odkry\u0142, doceni\u0142, pozna\u0142 i do\u015bwiadczy\u0142.<\/div>\n<div dir=\"auto\">Samorz\u0105d Uczniowski \u017cyczy dyrekcji szko\u0142y, gronu pedagogicznemu, administracji szko\u0142y, kole\u017cankom i kolegom dobrego, bezpiecznego wypoczynku oraz wielu prze\u017cy\u0107 w okresie wakacji.<\/div>\n<\/div>\n<div class=\"x11i5rnm xat24cr x1mh8g0r x1vvkbs xtlvy1s x126k92a\">\n<div dir=\"auto\">ngg_shortcode_0_placeholder<\/div>\n<\/div>\n","protected":false},"excerpt":{"rendered":"<p>&#8222;Nic dwa razy si\u0119 nie zdarza i nie zdarzy. Z tej przyczyny zrodzili\u015bmy si\u0119 bez wprawy i pomrzemy bez rutyny&#8230;&#8221;<\/p>\n","protected":false},"author":1,"featured_media":6169,"comment_status":"closed","ping_status":"closed","sticky":false,"template":"","format":"standard","meta":{"ngg_post_thumbnail":0,"footnotes":""},"categories":[17],"tags":[],"class_list":["post-6157","post","type-post","status-publish","format-standard","has-post-thumbnail","hentry","category-z-zycia-szkoly"],"_links":{"self":[{"href":"http:\/\/zs.wolczyn.pl\/lo\/wp-json\/wp\/v2\/posts\/6157"}],"collection":[{"href":"http:\/\/zs.wolczyn.pl\/lo\/wp-json\/wp\/v2\/posts"}],"about":[{"href":"http:\/\/zs.wolczyn.pl\/lo\/wp-json\/wp\/v2\/types\/post"}],"author":[{"embeddable":true,"href":"http:\/\/zs.wolczyn.pl\/lo\/wp-json\/wp\/v2\/users\/1"}],"replies":[{"embeddable":true,"href":"http:\/\/zs.wolczyn.pl\/lo\/wp-json\/wp\/v2\/comments?post=6157"}],"version-history":[{"count":3,"href":"http:\/\/zs.wolczyn.pl\/lo\/wp-json\/wp\/v2\/posts\/6157\/revisions"}],"predecessor-version":[{"id":6171,"href":"http:\/\/zs.wolczyn.pl\/lo\/wp-json\/wp\/v2\/posts\/6157\/revisions\/6171"}],"wp:featuredmedia":[{"embeddable":true,"href":"http:\/\/zs.wolczyn.pl\/lo\/wp-json\/wp\/v2\/media\/6169"}],"wp:attachment":[{"href":"http:\/\/zs.wolczyn.pl\/lo\/wp-json\/wp\/v2\/media?parent=6157"}],"wp:term":[{"taxonomy":"category","embeddable":true,"href":"http:\/\/zs.wolczyn.pl\/lo\/wp-json\/wp\/v2\/categories?post=6157"},{"taxonomy":"post_tag","embeddable":true,"href":"http:\/\/zs.wolczyn.pl\/lo\/wp-json\/wp\/v2\/tags?post=6157"}],"curies":[{"name":"wp","href":"https:\/\/api.w.org\/{rel}","templated":true}]}}