{"id":6224,"date":"2023-09-19T14:59:30","date_gmt":"2023-09-19T12:59:30","guid":{"rendered":"http:\/\/zs.wolczyn.pl\/lo\/?p=6224"},"modified":"2023-09-25T10:04:50","modified_gmt":"2023-09-25T08:04:50","slug":"wrzesniowe-rocznice-pamietamy","status":"publish","type":"post","link":"http:\/\/zs.wolczyn.pl\/lo\/wrzesniowe-rocznice-pamietamy\/","title":{"rendered":"WRZE\u015aNIOWE ROCZNICE \u2013 PAMI\u0118TAMY"},"content":{"rendered":"<p>18 wrze\u015bnia pod pomnikiem w Wo\u0142czynie, upami\u0119tniaj\u0105cym Polak\u00f3w poleg\u0142ych na frontach II wojny \u015bwiatowej i pomordowanych z rozkazu sowieckich w\u0142adz, uczniowie Zespo\u0142u Szk\u00f3\u0142 przygotowali uroczysto\u015b\u0107 po\u015bwi\u0119con\u0105 84. rocznicy napa\u015bci na Polsk\u0119 III Rzeszy i ZSRS.<\/p>\n<p>Zosta\u0142a ona poprowadzona przez uczni\u00f3w klasy IIB <!--more-->LO Kaj\u0119 S\u0142owi\u0144sk\u0105 i Kamila Berezowskiego, kt\u00f3rzy przypomnieli o agresji s\u0105siad\u00f3w na Polsk\u0119, stratach poniesionych przez nasze pa\u0144stwo i o wk\u0142adzie narodu polskiego w walk\u0119 z totalitarnymi re\u017cimami. Pod pomnikiem z\u0142o\u017cono wi\u0105zank\u0119 kwiat\u00f3w i zapalono znicze. Pani dyrektor E. W\u0142os w przem\u00f3wieniu nawi\u0105za\u0142a do wsp\u00f3\u0142czesnej sytuacji w Europie, kiedy z jednej strony mo\u017cemy cieszy\u0107 si\u0119 \u017cyciem w wolnym kraju, ale z drugiej ci\u0105gle z niepokojem obserwujemy to, co dzieje si\u0119 za nasz\u0105 wschodni\u0105 granic\u0105 w Ukrainie.<\/p>\n<p><a href=\"http:\/\/zs.wolczyn.pl\/lo\/wrzesniowe-rocznice-pamietamy\/04__zsw0010\/\" rel=\"attachment wp-att-6225\"><img fetchpriority=\"high\" decoding=\"async\" class=\"aligncenter wp-image-6225 size-large\" src=\"http:\/\/zs.wolczyn.pl\/lo\/wp-content\/uploads\/2023\/09\/04__ZSW0010-1024x683.jpg\" alt=\"\" width=\"640\" height=\"427\" srcset=\"http:\/\/zs.wolczyn.pl\/lo\/wp-content\/uploads\/2023\/09\/04__ZSW0010-1024x683.jpg 1024w, http:\/\/zs.wolczyn.pl\/lo\/wp-content\/uploads\/2023\/09\/04__ZSW0010-300x200.jpg 300w, http:\/\/zs.wolczyn.pl\/lo\/wp-content\/uploads\/2023\/09\/04__ZSW0010-768x512.jpg 768w, http:\/\/zs.wolczyn.pl\/lo\/wp-content\/uploads\/2023\/09\/04__ZSW0010-1536x1025.jpg 1536w, http:\/\/zs.wolczyn.pl\/lo\/wp-content\/uploads\/2023\/09\/04__ZSW0010-272x182.jpg 272w, http:\/\/zs.wolczyn.pl\/lo\/wp-content\/uploads\/2023\/09\/04__ZSW0010.jpg 1920w\" sizes=\"(max-width: 640px) 100vw, 640px\" \/><\/a><\/p>\n<p><a href=\"http:\/\/zs.wolczyn.pl\/lo\/wrzesniowe-rocznice-pamietamy\/22__zsw0029\/\" rel=\"attachment wp-att-6226\"><img decoding=\"async\" class=\"aligncenter wp-image-6226 size-large\" src=\"http:\/\/zs.wolczyn.pl\/lo\/wp-content\/uploads\/2023\/09\/22__ZSW0029-1024x683.jpg\" alt=\"\" width=\"640\" height=\"427\" srcset=\"http:\/\/zs.wolczyn.pl\/lo\/wp-content\/uploads\/2023\/09\/22__ZSW0029-1024x683.jpg 1024w, http:\/\/zs.wolczyn.pl\/lo\/wp-content\/uploads\/2023\/09\/22__ZSW0029-300x200.jpg 300w, http:\/\/zs.wolczyn.pl\/lo\/wp-content\/uploads\/2023\/09\/22__ZSW0029-768x512.jpg 768w, http:\/\/zs.wolczyn.pl\/lo\/wp-content\/uploads\/2023\/09\/22__ZSW0029-1536x1025.jpg 1536w, http:\/\/zs.wolczyn.pl\/lo\/wp-content\/uploads\/2023\/09\/22__ZSW0029-272x182.jpg 272w, http:\/\/zs.wolczyn.pl\/lo\/wp-content\/uploads\/2023\/09\/22__ZSW0029.jpg 1920w\" sizes=\"(max-width: 640px) 100vw, 640px\" \/><\/a><\/p>\n<p>&nbsp;<\/p>\n<p><a href=\"http:\/\/zs.wolczyn.pl\/lo\/wrzesniowe-rocznice-pamietamy\/34__zsw0044\/\" rel=\"attachment wp-att-6227\"><img decoding=\"async\" class=\"aligncenter wp-image-6227 size-large\" src=\"http:\/\/zs.wolczyn.pl\/lo\/wp-content\/uploads\/2023\/09\/34__ZSW0044-1024x683.jpg\" alt=\"\" width=\"640\" height=\"427\" srcset=\"http:\/\/zs.wolczyn.pl\/lo\/wp-content\/uploads\/2023\/09\/34__ZSW0044-1024x683.jpg 1024w, http:\/\/zs.wolczyn.pl\/lo\/wp-content\/uploads\/2023\/09\/34__ZSW0044-300x200.jpg 300w, http:\/\/zs.wolczyn.pl\/lo\/wp-content\/uploads\/2023\/09\/34__ZSW0044-768x512.jpg 768w, http:\/\/zs.wolczyn.pl\/lo\/wp-content\/uploads\/2023\/09\/34__ZSW0044-1536x1025.jpg 1536w, http:\/\/zs.wolczyn.pl\/lo\/wp-content\/uploads\/2023\/09\/34__ZSW0044-272x182.jpg 272w, http:\/\/zs.wolczyn.pl\/lo\/wp-content\/uploads\/2023\/09\/34__ZSW0044.jpg 1920w\" sizes=\"(max-width: 640px) 100vw, 640px\" \/><\/a><\/p>\n","protected":false},"excerpt":{"rendered":"<p>18 wrze\u015bnia pod pomnikiem w Wo\u0142czynie, upami\u0119tniaj\u0105cym Polak\u00f3w poleg\u0142ych na frontach II wojny \u015bwiatowej i pomordowanych z rozkazu sowieckich w\u0142adz, <a href=\"http:\/\/zs.wolczyn.pl\/lo\/wrzesniowe-rocznice-pamietamy\/\" class=\"read-more\">Czytaj dalej &#8230;<\/a><\/p>\n","protected":false},"author":1,"featured_media":6291,"comment_status":"closed","ping_status":"closed","sticky":false,"template":"","format":"standard","meta":{"ngg_post_thumbnail":0,"footnotes":""},"categories":[17],"tags":[],"class_list":["post-6224","post","type-post","status-publish","format-standard","has-post-thumbnail","hentry","category-z-zycia-szkoly"],"_links":{"self":[{"href":"http:\/\/zs.wolczyn.pl\/lo\/wp-json\/wp\/v2\/posts\/6224"}],"collection":[{"href":"http:\/\/zs.wolczyn.pl\/lo\/wp-json\/wp\/v2\/posts"}],"about":[{"href":"http:\/\/zs.wolczyn.pl\/lo\/wp-json\/wp\/v2\/types\/post"}],"author":[{"embeddable":true,"href":"http:\/\/zs.wolczyn.pl\/lo\/wp-json\/wp\/v2\/users\/1"}],"replies":[{"embeddable":true,"href":"http:\/\/zs.wolczyn.pl\/lo\/wp-json\/wp\/v2\/comments?post=6224"}],"version-history":[{"count":4,"href":"http:\/\/zs.wolczyn.pl\/lo\/wp-json\/wp\/v2\/posts\/6224\/revisions"}],"predecessor-version":[{"id":6292,"href":"http:\/\/zs.wolczyn.pl\/lo\/wp-json\/wp\/v2\/posts\/6224\/revisions\/6292"}],"wp:featuredmedia":[{"embeddable":true,"href":"http:\/\/zs.wolczyn.pl\/lo\/wp-json\/wp\/v2\/media\/6291"}],"wp:attachment":[{"href":"http:\/\/zs.wolczyn.pl\/lo\/wp-json\/wp\/v2\/media?parent=6224"}],"wp:term":[{"taxonomy":"category","embeddable":true,"href":"http:\/\/zs.wolczyn.pl\/lo\/wp-json\/wp\/v2\/categories?post=6224"},{"taxonomy":"post_tag","embeddable":true,"href":"http:\/\/zs.wolczyn.pl\/lo\/wp-json\/wp\/v2\/tags?post=6224"}],"curies":[{"name":"wp","href":"https:\/\/api.w.org\/{rel}","templated":true}]}}