{"id":6243,"date":"2023-09-25T09:50:42","date_gmt":"2023-09-25T07:50:42","guid":{"rendered":"http:\/\/zs.wolczyn.pl\/lo\/?p=6243"},"modified":"2023-09-25T10:02:02","modified_gmt":"2023-09-25T08:02:02","slug":"wycieczka-klasy-4lo-do-krakowa","status":"publish","type":"post","link":"http:\/\/zs.wolczyn.pl\/lo\/wycieczka-klasy-4lo-do-krakowa\/","title":{"rendered":"Wycieczka klasy 4LO do Krakowa"},"content":{"rendered":"<p>Dnia 13.09.2023r. rozpocz\u0119li\u015bmy nasz\u0105 ostatni\u0105 wycieczk\u0119 klasow\u0105. Celem by\u0142 Krak\u00f3w i wizyta w by\u0142ym nazistowskim obozie koncentracyjnym i zag\u0142ady Auschwitz-Birkenau. Pierwszego dnia, po przyje\u017adzie do Krakowa, udali\u015bmy si\u0119 do naszego hotelu. <!--more-->I doj\u015bcie z nawigacj\u0105 wydawa\u0142oby si\u0119 takie proste, ale pozory myl\u0105. Napotka\u0142o nas par\u0119 zabawnych sytuacji zwi\u0105zanych z odnalezieniem si\u0119 w mie\u015bcie, co bawi\u0142o nas ju\u017c do ko\u0144ca wyjazdu, ale na szcz\u0119\u015bcie uczyli\u015bmy si\u0119 na b\u0142\u0119dach. Pierwsze popo\u0142udnie i wiecz\u00f3r min\u0119\u0142y nam w miar\u0119 spokojnie. Chodzili\u015bmy po rynku Krakowa, zwiedzili\u015bmy Muzeum Czartoryskich, gdzie mogli\u015bmy podziwia\u0107 m.in. s\u0142ynny obraz Leonarda da Vinci ,,Dama z gronostajem\u201d. Wybrali\u015bmy si\u0119 na spacer nad Wis\u0142\u0105. By\u0142 to \u015bwietny czas na relaks i wzajemn\u0105 integracj\u0119.<\/p>\n<p>Nast\u0119pnego poranka wyruszyli\u015bmy poci\u0105giem do O\u015bwi\u0119cimia, aby zag\u0142\u0119bi\u0107 si\u0119 w histori\u0119 wi\u0119\u017ani\u00f3w obozu koncentracyjnego Auschwitz-Birkenau. Sp\u0119dzili\u015bmy tam osiem poruszaj\u0105cych godzin ze wspania\u0142\u0105 Pani\u0105 przewodnik, kt\u00f3ra zna\u0142a odpowied\u017a na nasze ka\u017cde pytanie. Przez osiem godzin zwiedzania zag\u0142\u0119bili\u015bmy si\u0119 w histori\u0119 zwi\u0105zan\u0105 z tym miejscem, co u\u015bwiadomi\u0142o nam, jak okropny potrafi by\u0107 \u015bwiat i ludzie. Cho\u0107 to nie jedyna lekcja, jak\u0105 wynie\u015bli\u015bmy z tego miejsca, poniewa\u017c u\u015bwiadomili\u015bmy sobie, \u017ce nie mo\u017cemy dopu\u015bci\u0107 do powt\u00f3rzenia takich wydarze\u0144, jakie mia\u0142y tam miejsce.<\/p>\n<p>Ostatni, trzeci dzie\u0144 wycieczki okaza\u0142 si\u0119 bardzo zabawny i dynamiczny. &nbsp;Poznali\u015bmy kryminaln\u0105 histori\u0119 Krakowa, najr\u00f3\u017cniejsze ciekawostki i skandale. 4 godzinne zwiedzanie miasta u boku przewodnika, kt\u00f3ry wiedzia\u0142 wi\u0119cej ni\u017c niejedna kronika, by\u0142a nie tylko prysznicem wiedzy o Krakowie, ale i niesamowit\u0105 dawk\u0105 zabawy. Zwiedzili\u015bmy r\u00f3wnie\u017c najwa\u017cniejsze zabytki Krakowa, takie jak: Ko\u015bci\u00f3\u0142 Mariacki, Kazimierz, Zamek na Wawelu, Sukiennice. Podsumowuj\u0105c, wspomnienia, kt\u00f3re zdobyli\u015bmy na tej ostatniej klasowej wyprawie, na pewno pozostan\u0105 z nami na d\u0142ugo. Podczas wycieczki towarzyszy\u0142y nam r\u00f3\u017cne emocje. Ka\u017cdy z nas prze\u017cywa\u0142 j\u0105 w inny spos\u00f3b, mogli\u015bmy wywnioskowa\u0107 to z wieczornej wsp\u00f3lnej rozmowy. Jedno jest pewne, bardzo du\u017co nauczyli\u015bmy si\u0119 przez te trzy dni.<\/p>\n<p style=\"text-align: right;\">&nbsp;&nbsp;&nbsp;&nbsp;&nbsp;&nbsp;&nbsp;&nbsp;&nbsp;&nbsp;&nbsp;&nbsp;&nbsp;&nbsp;&nbsp;&nbsp;&nbsp;&nbsp;&nbsp;&nbsp;&nbsp;&nbsp;&nbsp;&nbsp;&nbsp;&nbsp;&nbsp;&nbsp;&nbsp;&nbsp;&nbsp;&nbsp;&nbsp;&nbsp;&nbsp;&nbsp;&nbsp;&nbsp;&nbsp;&nbsp;&nbsp;&nbsp;&nbsp;&nbsp;&nbsp;&nbsp; uczennice i uczniowie kl. IV LO<\/p>\nngg_shortcode_0_placeholder\n","protected":false},"excerpt":{"rendered":"<p>Dnia 13.09.2023r. rozpocz\u0119li\u015bmy nasz\u0105 ostatni\u0105 wycieczk\u0119 klasow\u0105. Celem by\u0142 Krak\u00f3w i wizyta w by\u0142ym nazistowskim obozie koncentracyjnym i zag\u0142ady Auschwitz-Birkenau. <a href=\"http:\/\/zs.wolczyn.pl\/lo\/wycieczka-klasy-4lo-do-krakowa\/\" class=\"read-more\">Czytaj dalej &#8230;<\/a><\/p>\n","protected":false},"author":1,"featured_media":6290,"comment_status":"closed","ping_status":"closed","sticky":false,"template":"","format":"standard","meta":{"ngg_post_thumbnail":0,"footnotes":""},"categories":[17],"tags":[],"class_list":["post-6243","post","type-post","status-publish","format-standard","has-post-thumbnail","hentry","category-z-zycia-szkoly"],"_links":{"self":[{"href":"http:\/\/zs.wolczyn.pl\/lo\/wp-json\/wp\/v2\/posts\/6243"}],"collection":[{"href":"http:\/\/zs.wolczyn.pl\/lo\/wp-json\/wp\/v2\/posts"}],"about":[{"href":"http:\/\/zs.wolczyn.pl\/lo\/wp-json\/wp\/v2\/types\/post"}],"author":[{"embeddable":true,"href":"http:\/\/zs.wolczyn.pl\/lo\/wp-json\/wp\/v2\/users\/1"}],"replies":[{"embeddable":true,"href":"http:\/\/zs.wolczyn.pl\/lo\/wp-json\/wp\/v2\/comments?post=6243"}],"version-history":[{"count":4,"href":"http:\/\/zs.wolczyn.pl\/lo\/wp-json\/wp\/v2\/posts\/6243\/revisions"}],"predecessor-version":[{"id":6289,"href":"http:\/\/zs.wolczyn.pl\/lo\/wp-json\/wp\/v2\/posts\/6243\/revisions\/6289"}],"wp:featuredmedia":[{"embeddable":true,"href":"http:\/\/zs.wolczyn.pl\/lo\/wp-json\/wp\/v2\/media\/6290"}],"wp:attachment":[{"href":"http:\/\/zs.wolczyn.pl\/lo\/wp-json\/wp\/v2\/media?parent=6243"}],"wp:term":[{"taxonomy":"category","embeddable":true,"href":"http:\/\/zs.wolczyn.pl\/lo\/wp-json\/wp\/v2\/categories?post=6243"},{"taxonomy":"post_tag","embeddable":true,"href":"http:\/\/zs.wolczyn.pl\/lo\/wp-json\/wp\/v2\/tags?post=6243"}],"curies":[{"name":"wp","href":"https:\/\/api.w.org\/{rel}","templated":true}]}}