{"id":6373,"date":"2023-10-25T11:34:31","date_gmt":"2023-10-25T09:34:31","guid":{"rendered":"http:\/\/zs.wolczyn.pl\/lo\/?p=6373"},"modified":"2023-10-25T11:34:55","modified_gmt":"2023-10-25T09:34:55","slug":"akcja-edukacyjna-pod-haslem-adwokaci-rozjasniaja-prawo","status":"publish","type":"post","link":"http:\/\/zs.wolczyn.pl\/lo\/akcja-edukacyjna-pod-haslem-adwokaci-rozjasniaja-prawo\/","title":{"rendered":"Akcja edukacyjna pod has\u0142em &#8222;Adwokaci rozja\u015bniaj\u0105 prawo&#8221;"},"content":{"rendered":"<p>W poniedzia\u0142ek 23 pa\u017adziernika zago\u015bci\u0142a w naszym LO p. mecenas Agnieszka Staszk\u00f3w-Bularz w ramach akcji edukacyjnej pod has\u0142em &#8222;Adwokaci rozja\u015bniaj\u0105 prawo&#8221;. <!--more--><\/p>\n<p>Tematem wyk\u0142adu by\u0142o jak broni\u0107 si\u0119 przed cyberhejtem, cyberstalkingiem i jak prawnie zwalcza\u0107 nienawi\u015b\u0107 w wirtualnym \u015bwiecie. Pani mecenas poinformowa\u0142a uczni\u00f3w o konsekwencjach prawnych wy\u017cej wymienionych czyn\u00f3w.&nbsp;&nbsp;<\/p>\nngg_shortcode_0_placeholder\n","protected":false},"excerpt":{"rendered":"<p>W poniedzia\u0142ek 23 pa\u017adziernika zago\u015bci\u0142a w naszym LO p. mecenas Agnieszka Staszk\u00f3w-Bularz w ramach akcji edukacyjnej pod has\u0142em &#8222;Adwokaci rozja\u015bniaj\u0105 <a href=\"http:\/\/zs.wolczyn.pl\/lo\/akcja-edukacyjna-pod-haslem-adwokaci-rozjasniaja-prawo\/\" class=\"read-more\">Czytaj dalej &#8230;<\/a><\/p>\n","protected":false},"author":1,"featured_media":6374,"comment_status":"closed","ping_status":"closed","sticky":false,"template":"","format":"standard","meta":{"ngg_post_thumbnail":0,"footnotes":""},"categories":[17],"tags":[],"class_list":["post-6373","post","type-post","status-publish","format-standard","has-post-thumbnail","hentry","category-z-zycia-szkoly"],"_links":{"self":[{"href":"http:\/\/zs.wolczyn.pl\/lo\/wp-json\/wp\/v2\/posts\/6373"}],"collection":[{"href":"http:\/\/zs.wolczyn.pl\/lo\/wp-json\/wp\/v2\/posts"}],"about":[{"href":"http:\/\/zs.wolczyn.pl\/lo\/wp-json\/wp\/v2\/types\/post"}],"author":[{"embeddable":true,"href":"http:\/\/zs.wolczyn.pl\/lo\/wp-json\/wp\/v2\/users\/1"}],"replies":[{"embeddable":true,"href":"http:\/\/zs.wolczyn.pl\/lo\/wp-json\/wp\/v2\/comments?post=6373"}],"version-history":[{"count":2,"href":"http:\/\/zs.wolczyn.pl\/lo\/wp-json\/wp\/v2\/posts\/6373\/revisions"}],"predecessor-version":[{"id":6387,"href":"http:\/\/zs.wolczyn.pl\/lo\/wp-json\/wp\/v2\/posts\/6373\/revisions\/6387"}],"wp:featuredmedia":[{"embeddable":true,"href":"http:\/\/zs.wolczyn.pl\/lo\/wp-json\/wp\/v2\/media\/6374"}],"wp:attachment":[{"href":"http:\/\/zs.wolczyn.pl\/lo\/wp-json\/wp\/v2\/media?parent=6373"}],"wp:term":[{"taxonomy":"category","embeddable":true,"href":"http:\/\/zs.wolczyn.pl\/lo\/wp-json\/wp\/v2\/categories?post=6373"},{"taxonomy":"post_tag","embeddable":true,"href":"http:\/\/zs.wolczyn.pl\/lo\/wp-json\/wp\/v2\/tags?post=6373"}],"curies":[{"name":"wp","href":"https:\/\/api.w.org\/{rel}","templated":true}]}}