{"id":6389,"date":"2023-10-25T12:28:45","date_gmt":"2023-10-25T10:28:45","guid":{"rendered":"http:\/\/zs.wolczyn.pl\/lo\/?p=6389"},"modified":"2023-10-25T12:30:07","modified_gmt":"2023-10-25T10:30:07","slug":"klasa-2a-lo-na-wykladzie-liczby-binarne","status":"publish","type":"post","link":"http:\/\/zs.wolczyn.pl\/lo\/klasa-2a-lo-na-wykladzie-liczby-binarne\/","title":{"rendered":"Klasa 2a LO na wyk\u0142adzie &#8222;Liczby Binarne&#8221;"},"content":{"rendered":"<p>Dnia 23 pa\u017adziernika na lekcji matematyki w klasie 2a LO odby\u0142 si\u0119 wyk\u0142ad przeprowadzony przez dr Ma\u0142gorzata Wiatr, <!--more-->pracownika Katedry Matematyki i Zastosowa\u0144 Informatyki wydzia\u0142u In\u017cynierii Produkcji i Logistyki Politechniki Opolskiej. Uczniom naszej klasy bardzo spodoba\u0142y si\u0119 przeprowadzone zaj\u0119cia na temat &#8222;Liczb Binarnych&#8221;. Cieszymy si\u0119 ze wsp\u00f3lnej wsp\u00f3\u0142pracy z Politechnik\u0105 Opolsk\u0105 z niecierpliwo\u015bci\u0105 wyczekujemy na nadchodz\u0105ce wyk\u0142ady.<\/p>\nngg_shortcode_0_placeholder\n","protected":false},"excerpt":{"rendered":"<p>Dnia 23 pa\u017adziernika na lekcji matematyki w klasie 2a LO odby\u0142 si\u0119 wyk\u0142ad przeprowadzony przez dr Ma\u0142gorzata Wiatr,<\/p>\n","protected":false},"author":1,"featured_media":6409,"comment_status":"closed","ping_status":"closed","sticky":false,"template":"","format":"standard","meta":{"ngg_post_thumbnail":0,"footnotes":""},"categories":[54,17],"tags":[],"class_list":["post-6389","post","type-post","status-publish","format-standard","has-post-thumbnail","hentry","category-wspolpraca","category-z-zycia-szkoly"],"_links":{"self":[{"href":"http:\/\/zs.wolczyn.pl\/lo\/wp-json\/wp\/v2\/posts\/6389"}],"collection":[{"href":"http:\/\/zs.wolczyn.pl\/lo\/wp-json\/wp\/v2\/posts"}],"about":[{"href":"http:\/\/zs.wolczyn.pl\/lo\/wp-json\/wp\/v2\/types\/post"}],"author":[{"embeddable":true,"href":"http:\/\/zs.wolczyn.pl\/lo\/wp-json\/wp\/v2\/users\/1"}],"replies":[{"embeddable":true,"href":"http:\/\/zs.wolczyn.pl\/lo\/wp-json\/wp\/v2\/comments?post=6389"}],"version-history":[{"count":3,"href":"http:\/\/zs.wolczyn.pl\/lo\/wp-json\/wp\/v2\/posts\/6389\/revisions"}],"predecessor-version":[{"id":6412,"href":"http:\/\/zs.wolczyn.pl\/lo\/wp-json\/wp\/v2\/posts\/6389\/revisions\/6412"}],"wp:featuredmedia":[{"embeddable":true,"href":"http:\/\/zs.wolczyn.pl\/lo\/wp-json\/wp\/v2\/media\/6409"}],"wp:attachment":[{"href":"http:\/\/zs.wolczyn.pl\/lo\/wp-json\/wp\/v2\/media?parent=6389"}],"wp:term":[{"taxonomy":"category","embeddable":true,"href":"http:\/\/zs.wolczyn.pl\/lo\/wp-json\/wp\/v2\/categories?post=6389"},{"taxonomy":"post_tag","embeddable":true,"href":"http:\/\/zs.wolczyn.pl\/lo\/wp-json\/wp\/v2\/tags?post=6389"}],"curies":[{"name":"wp","href":"https:\/\/api.w.org\/{rel}","templated":true}]}}