{"id":6413,"date":"2023-11-02T07:23:19","date_gmt":"2023-11-02T06:23:19","guid":{"rendered":"http:\/\/zs.wolczyn.pl\/lo\/?p=6413"},"modified":"2023-11-14T13:53:26","modified_gmt":"2023-11-14T12:53:26","slug":"dzien-mola","status":"publish","type":"post","link":"http:\/\/zs.wolczyn.pl\/lo\/dzien-mola\/","title":{"rendered":"Dzie\u0144 MOLa"},"content":{"rendered":"<p>Dzie\u0144 MOLa &nbsp;to nieoficjalne \u015bwi\u0119to chemik\u00f3w obchodzone g\u0142\u00f3wnie w Stanach Zjednoczonych i krajach Wsp\u00f3lnoty Narod\u00f3w. Nie chodzi tu bynajmniej o mola ksi\u0105\u017ckowego <!--more-->czy \u2013 co gorsza \u2013 niszcz\u0105cego nasze ubrania, ale o podstawow\u0105 jednostk\u0119 liczno\u015bci (ilo\u015bci) materii w uk\u0142adzie SI. \u015awi\u0119to trwa ledwie p\u00f3\u0142 doby &#8211; obchodzi si\u0119 je mi\u0119dzy 6:02 a 18:02 dnia 23 pa\u017adziernika ka\u017cdego roku. Przedstawiamy relacj\u0119 z tego dnia w liceum.<\/p>\n<p><iframe title=\"Dzie\u0144 MOLa\" width=\"847\" height=\"476\" src=\"https:\/\/www.youtube.com\/embed\/PVbclGX2wQY?feature=oembed\" frameborder=\"0\" allow=\"accelerometer; autoplay; clipboard-write; encrypted-media; gyroscope; picture-in-picture; web-share\" referrerpolicy=\"strict-origin-when-cross-origin\" allowfullscreen><\/iframe><\/p>\nngg_shortcode_0_placeholder\n","protected":false},"excerpt":{"rendered":"<p>Dzie\u0144 MOLa &nbsp;to nieoficjalne \u015bwi\u0119to chemik\u00f3w obchodzone g\u0142\u00f3wnie w Stanach Zjednoczonych i krajach Wsp\u00f3lnoty Narod\u00f3w. Nie chodzi tu bynajmniej o <a href=\"http:\/\/zs.wolczyn.pl\/lo\/dzien-mola\/\" class=\"read-more\">Czytaj dalej &#8230;<\/a><\/p>\n","protected":false},"author":1,"featured_media":6419,"comment_status":"closed","ping_status":"closed","sticky":false,"template":"","format":"standard","meta":{"ngg_post_thumbnail":0,"footnotes":""},"categories":[17],"tags":[],"class_list":["post-6413","post","type-post","status-publish","format-standard","has-post-thumbnail","hentry","category-z-zycia-szkoly"],"_links":{"self":[{"href":"http:\/\/zs.wolczyn.pl\/lo\/wp-json\/wp\/v2\/posts\/6413"}],"collection":[{"href":"http:\/\/zs.wolczyn.pl\/lo\/wp-json\/wp\/v2\/posts"}],"about":[{"href":"http:\/\/zs.wolczyn.pl\/lo\/wp-json\/wp\/v2\/types\/post"}],"author":[{"embeddable":true,"href":"http:\/\/zs.wolczyn.pl\/lo\/wp-json\/wp\/v2\/users\/1"}],"replies":[{"embeddable":true,"href":"http:\/\/zs.wolczyn.pl\/lo\/wp-json\/wp\/v2\/comments?post=6413"}],"version-history":[{"count":7,"href":"http:\/\/zs.wolczyn.pl\/lo\/wp-json\/wp\/v2\/posts\/6413\/revisions"}],"predecessor-version":[{"id":6430,"href":"http:\/\/zs.wolczyn.pl\/lo\/wp-json\/wp\/v2\/posts\/6413\/revisions\/6430"}],"wp:featuredmedia":[{"embeddable":true,"href":"http:\/\/zs.wolczyn.pl\/lo\/wp-json\/wp\/v2\/media\/6419"}],"wp:attachment":[{"href":"http:\/\/zs.wolczyn.pl\/lo\/wp-json\/wp\/v2\/media?parent=6413"}],"wp:term":[{"taxonomy":"category","embeddable":true,"href":"http:\/\/zs.wolczyn.pl\/lo\/wp-json\/wp\/v2\/categories?post=6413"},{"taxonomy":"post_tag","embeddable":true,"href":"http:\/\/zs.wolczyn.pl\/lo\/wp-json\/wp\/v2\/tags?post=6413"}],"curies":[{"name":"wp","href":"https:\/\/api.w.org\/{rel}","templated":true}]}}