{"id":6426,"date":"2023-11-14T13:52:16","date_gmt":"2023-11-14T12:52:16","guid":{"rendered":"http:\/\/zs.wolczyn.pl\/lo\/?p=6426"},"modified":"2023-11-24T09:28:26","modified_gmt":"2023-11-24T08:28:26","slug":"11-listopada-w-naszej-szkole","status":"publish","type":"post","link":"http:\/\/zs.wolczyn.pl\/lo\/11-listopada-w-naszej-szkole\/","title":{"rendered":"11 listopada w naszej szkole"},"content":{"rendered":"<p>9 i 10 listopada uczniowie LO brali udzia\u0142 w szkolnych obchodach \u015awi\u0119ta Niepodleg\u0142o\u015bci. W czwartek obejrzeli monta\u017c s\u0142owno-muzyczny, <!--more-->a w pi\u0105tek film dokumentalny Niepodleg\u0142o\u015b\u0107. Po filmie odby\u0142a si\u0119 dyskusja na temat obejrzanego dokumentu zawieraj\u0105cego bogaty materia\u0142 archiwalny z l. 1918-1922. Uczniowie i nauczyciele dzielili si\u0119 refleksjami o tym, czym jest dla nich patriotyzm, suwerenno\u015b\u0107, niepodleg\u0142o\u015b\u0107. Wyj\u0105tkowo\u015b\u0107 uroczysto\u015bci pokre\u015bli\u0142y bia\u0142o-czerwone kokardy przypi\u0119te do ubra\u0144 a tak\u017ce mundury harcerskie cz\u0119\u015bci m\u0142odzie\u017cy. O godzinie 11.11 liceali\u015bci, podobnie jak tysi\u0105ce uczni\u00f3w w Polsce, od\u015bpiewali hymn pa\u0144stwowy.<\/p>\n<p>Zach\u0119camy do obejrzenia prezentacji podsumowuj\u0105cej udzia\u0142 spo\u0142eczno\u015bci naszego zespo\u0142u szk\u00f3\u0142 w obchodach tego wa\u017cnego \u015bwi\u0119ta narodowego.<\/p>\n<p><iframe title=\"11 LISTOPADA 2023\" width=\"847\" height=\"476\" src=\"https:\/\/www.youtube.com\/embed\/sCFPy1gvdvM?feature=oembed\" frameborder=\"0\" allow=\"accelerometer; autoplay; clipboard-write; encrypted-media; gyroscope; picture-in-picture; web-share\" referrerpolicy=\"strict-origin-when-cross-origin\" allowfullscreen><\/iframe><\/p>\n","protected":false},"excerpt":{"rendered":"<p>9 i 10 listopada uczniowie LO brali udzia\u0142 w szkolnych obchodach \u015awi\u0119ta Niepodleg\u0142o\u015bci. W czwartek obejrzeli monta\u017c s\u0142owno-muzyczny,<\/p>\n","protected":false},"author":1,"featured_media":6427,"comment_status":"closed","ping_status":"closed","sticky":false,"template":"","format":"standard","meta":{"ngg_post_thumbnail":0,"footnotes":""},"categories":[17],"tags":[],"class_list":["post-6426","post","type-post","status-publish","format-standard","has-post-thumbnail","hentry","category-z-zycia-szkoly"],"_links":{"self":[{"href":"http:\/\/zs.wolczyn.pl\/lo\/wp-json\/wp\/v2\/posts\/6426"}],"collection":[{"href":"http:\/\/zs.wolczyn.pl\/lo\/wp-json\/wp\/v2\/posts"}],"about":[{"href":"http:\/\/zs.wolczyn.pl\/lo\/wp-json\/wp\/v2\/types\/post"}],"author":[{"embeddable":true,"href":"http:\/\/zs.wolczyn.pl\/lo\/wp-json\/wp\/v2\/users\/1"}],"replies":[{"embeddable":true,"href":"http:\/\/zs.wolczyn.pl\/lo\/wp-json\/wp\/v2\/comments?post=6426"}],"version-history":[{"count":5,"href":"http:\/\/zs.wolczyn.pl\/lo\/wp-json\/wp\/v2\/posts\/6426\/revisions"}],"predecessor-version":[{"id":6508,"href":"http:\/\/zs.wolczyn.pl\/lo\/wp-json\/wp\/v2\/posts\/6426\/revisions\/6508"}],"wp:featuredmedia":[{"embeddable":true,"href":"http:\/\/zs.wolczyn.pl\/lo\/wp-json\/wp\/v2\/media\/6427"}],"wp:attachment":[{"href":"http:\/\/zs.wolczyn.pl\/lo\/wp-json\/wp\/v2\/media?parent=6426"}],"wp:term":[{"taxonomy":"category","embeddable":true,"href":"http:\/\/zs.wolczyn.pl\/lo\/wp-json\/wp\/v2\/categories?post=6426"},{"taxonomy":"post_tag","embeddable":true,"href":"http:\/\/zs.wolczyn.pl\/lo\/wp-json\/wp\/v2\/tags?post=6426"}],"curies":[{"name":"wp","href":"https:\/\/api.w.org\/{rel}","templated":true}]}}