{"id":6486,"date":"2023-11-24T09:22:36","date_gmt":"2023-11-24T08:22:36","guid":{"rendered":"http:\/\/zs.wolczyn.pl\/lo\/?p=6486"},"modified":"2023-11-24T09:27:52","modified_gmt":"2023-11-24T08:27:52","slug":"projekcja-filmow-opolskiej-fundacji-filmowej-offilm","status":"publish","type":"post","link":"http:\/\/zs.wolczyn.pl\/lo\/projekcja-filmow-opolskiej-fundacji-filmowej-offilm\/","title":{"rendered":"Projekcja film\u00f3w Opolskiej Fundacji Filmowej OFFilm"},"content":{"rendered":"<p>17 listopada mieli\u015bmy mo\u017cliwo\u015b\u0107 jako spo\u0142eczno\u015b\u0107 szkolna zanurzy\u0107 si\u0119 w historii. Dzi\u0119ki Opolskiej Fundacji Filmowej OFFilm <!--more-->obejrzeli\u015bmy dwa filmy z cyklu &#8222;Religie i wyznania \u015al\u0105ska Opolskiego&#8221; dotycz\u0105ce przesz\u0142o\u015bci naszego regionu. Film &#8222;Luteranie&#8221; przybli\u017cy\u0142 nam \u017cycie mieszka\u0144c\u00f3w wyznania lutera\u0144skiego na terenach \u015al\u0105ska Opolskiego od 1524 roku. Drugi &#8211; Moj\u017ceszowe dziedzictwo&#8221; &#8211; \u017cycie oraz obiekty sakralne mieszka\u0144c\u00f3w wyznania moj\u017ceszowego na przestrzeni wiek\u00f3w. Odkryli\u015bmy ma\u0142o znan\u0105 i cz\u0119sto zapomnian\u0105 histori\u0119 miejsc czy obiekt\u00f3w.<\/p>\nngg_shortcode_0_placeholder\n","protected":false},"excerpt":{"rendered":"<p>17 listopada mieli\u015bmy mo\u017cliwo\u015b\u0107 jako spo\u0142eczno\u015b\u0107 szkolna zanurzy\u0107 si\u0119 w historii. Dzi\u0119ki Opolskiej Fundacji Filmowej OFFilm<\/p>\n","protected":false},"author":1,"featured_media":6507,"comment_status":"closed","ping_status":"closed","sticky":false,"template":"","format":"standard","meta":{"ngg_post_thumbnail":0,"footnotes":""},"categories":[54,17],"tags":[],"class_list":["post-6486","post","type-post","status-publish","format-standard","has-post-thumbnail","hentry","category-wspolpraca","category-z-zycia-szkoly"],"_links":{"self":[{"href":"http:\/\/zs.wolczyn.pl\/lo\/wp-json\/wp\/v2\/posts\/6486"}],"collection":[{"href":"http:\/\/zs.wolczyn.pl\/lo\/wp-json\/wp\/v2\/posts"}],"about":[{"href":"http:\/\/zs.wolczyn.pl\/lo\/wp-json\/wp\/v2\/types\/post"}],"author":[{"embeddable":true,"href":"http:\/\/zs.wolczyn.pl\/lo\/wp-json\/wp\/v2\/users\/1"}],"replies":[{"embeddable":true,"href":"http:\/\/zs.wolczyn.pl\/lo\/wp-json\/wp\/v2\/comments?post=6486"}],"version-history":[{"count":3,"href":"http:\/\/zs.wolczyn.pl\/lo\/wp-json\/wp\/v2\/posts\/6486\/revisions"}],"predecessor-version":[{"id":6506,"href":"http:\/\/zs.wolczyn.pl\/lo\/wp-json\/wp\/v2\/posts\/6486\/revisions\/6506"}],"wp:featuredmedia":[{"embeddable":true,"href":"http:\/\/zs.wolczyn.pl\/lo\/wp-json\/wp\/v2\/media\/6507"}],"wp:attachment":[{"href":"http:\/\/zs.wolczyn.pl\/lo\/wp-json\/wp\/v2\/media?parent=6486"}],"wp:term":[{"taxonomy":"category","embeddable":true,"href":"http:\/\/zs.wolczyn.pl\/lo\/wp-json\/wp\/v2\/categories?post=6486"},{"taxonomy":"post_tag","embeddable":true,"href":"http:\/\/zs.wolczyn.pl\/lo\/wp-json\/wp\/v2\/tags?post=6486"}],"curies":[{"name":"wp","href":"https:\/\/api.w.org\/{rel}","templated":true}]}}