{"id":6516,"date":"2023-11-30T11:15:19","date_gmt":"2023-11-30T10:15:19","guid":{"rendered":"http:\/\/zs.wolczyn.pl\/lo\/?p=6516"},"modified":"2023-11-30T11:17:20","modified_gmt":"2023-11-30T10:17:20","slug":"sprawozdanie-z-realizacji-projektu-filmoteki-szkolnej","status":"publish","type":"post","link":"http:\/\/zs.wolczyn.pl\/lo\/sprawozdanie-z-realizacji-projektu-filmoteki-szkolnej\/","title":{"rendered":"Sprawozdanie z realizacji projektu Filmoteki Szkolnej"},"content":{"rendered":"<p>W ramach realizacji projektu Filmoteki Szkolnej po zapoznaniu si\u0119 z filmem Kazimierza Kutza<!--more--> m\u0142odzie\u017c pracowa\u0142a w grupach nad zagadnieniami zwi\u0105zanymi z to\u017csamo\u015bci\u0105, symbolami narodowymi oraz ich znaczeniem dla grupy, jak\u0105 jest nar\u00f3d oraz analiz\u0105 \u015brodk\u00f3w, jakie wykorzystuje film.<\/p>\n<p><a href=\"http:\/\/zs.wolczyn.pl\/lo\/sprawozdanie-z-realizacji-projektu-filmoteki-szkolnej\/01_1-2\/\" rel=\"attachment wp-att-6517\"><img fetchpriority=\"high\" decoding=\"async\" class=\"aligncenter wp-image-6517 size-large\" src=\"http:\/\/zs.wolczyn.pl\/lo\/wp-content\/uploads\/2023\/11\/01_1-1024x766.jpg\" alt=\"\" width=\"640\" height=\"479\" srcset=\"http:\/\/zs.wolczyn.pl\/lo\/wp-content\/uploads\/2023\/11\/01_1-1024x766.jpg 1024w, http:\/\/zs.wolczyn.pl\/lo\/wp-content\/uploads\/2023\/11\/01_1-300x224.jpg 300w, http:\/\/zs.wolczyn.pl\/lo\/wp-content\/uploads\/2023\/11\/01_1-768x574.jpg 768w, http:\/\/zs.wolczyn.pl\/lo\/wp-content\/uploads\/2023\/11\/01_1-1536x1149.jpg 1536w, http:\/\/zs.wolczyn.pl\/lo\/wp-content\/uploads\/2023\/11\/01_1.jpg 1920w\" sizes=\"(max-width: 640px) 100vw, 640px\" \/><\/a><\/p>\n<p>Trzy zespo\u0142y skupi\u0142y si\u0119 nad zadaniami inspirowanymi mi.in. wyk\u0142adem p. dr hab. Kamili Zyto, prof. U\u0141.<\/p>\n<p>Zadania grup:<br \/>\n1. Wyja\u015bnij poj\u0119cia: zbiorowo\u015b\u0107, to\u017csamo\u015b\u0107.<br \/>\nDo czego jest potrzebna grupa? Jakie pe\u0142ni funkcje?<br \/>\nCo to jest identyfikacja z grup\u0105? Jak mo\u017cna si\u0119 identyfikowa\u0107 z grup\u0105? Poprzez co? (str\u00f3j, symbole, muzyka, warto\u015bci, itp.)<br \/>\nJakie znacie typy\/rodzaje grup? (subkultury)<br \/>\nGrupa realna i wirtualna. Podobie\u0144stwa, r\u00f3\u017cnice.<\/p>\n<p><a href=\"http:\/\/zs.wolczyn.pl\/lo\/sprawozdanie-z-realizacji-projektu-filmoteki-szkolnej\/02_2-2\/\" rel=\"attachment wp-att-6518\"><img decoding=\"async\" class=\"aligncenter wp-image-6518 size-large\" src=\"http:\/\/zs.wolczyn.pl\/lo\/wp-content\/uploads\/2023\/11\/02_2-1024x600.jpg\" alt=\"\" width=\"640\" height=\"375\" srcset=\"http:\/\/zs.wolczyn.pl\/lo\/wp-content\/uploads\/2023\/11\/02_2-1024x600.jpg 1024w, http:\/\/zs.wolczyn.pl\/lo\/wp-content\/uploads\/2023\/11\/02_2-300x176.jpg 300w, http:\/\/zs.wolczyn.pl\/lo\/wp-content\/uploads\/2023\/11\/02_2-768x450.jpg 768w, http:\/\/zs.wolczyn.pl\/lo\/wp-content\/uploads\/2023\/11\/02_2-1536x900.jpg 1536w, http:\/\/zs.wolczyn.pl\/lo\/wp-content\/uploads\/2023\/11\/02_2.jpg 1920w\" sizes=\"(max-width: 640px) 100vw, 640px\" \/><\/a><\/p>\n<p><a href=\"http:\/\/zs.wolczyn.pl\/lo\/sprawozdanie-z-realizacji-projektu-filmoteki-szkolnej\/03_3-2\/\" rel=\"attachment wp-att-6519\"><img decoding=\"async\" class=\"aligncenter wp-image-6519 size-large\" src=\"http:\/\/zs.wolczyn.pl\/lo\/wp-content\/uploads\/2023\/11\/03_3-1024x505.jpg\" alt=\"\" width=\"640\" height=\"316\" srcset=\"http:\/\/zs.wolczyn.pl\/lo\/wp-content\/uploads\/2023\/11\/03_3-1024x505.jpg 1024w, http:\/\/zs.wolczyn.pl\/lo\/wp-content\/uploads\/2023\/11\/03_3-300x148.jpg 300w, http:\/\/zs.wolczyn.pl\/lo\/wp-content\/uploads\/2023\/11\/03_3-768x378.jpg 768w, http:\/\/zs.wolczyn.pl\/lo\/wp-content\/uploads\/2023\/11\/03_3-1536x757.jpg 1536w, http:\/\/zs.wolczyn.pl\/lo\/wp-content\/uploads\/2023\/11\/03_3.jpg 1920w\" sizes=\"(max-width: 640px) 100vw, 640px\" \/><\/a><\/p>\n<p>2. Czym s\u0105 symbole narodowe?<br \/>\nGdzie i jak zosta\u0142y zaprezentowane w filmie?<br \/>\nAnaliza sceny (Gabriel patrzy przez teleskop \u2013 co widzi? Jak si\u0119 zachowuje?)<br \/>\nJakimi \u015brodkami pos\u0142u\u017cy\u0142 si\u0119 re\u017cyser? Czemu to mog\u0142o s\u0142u\u017cy\u0107? Co to jest mitologizacja?<br \/>\nJak\u0105 rol\u0119 odgrywa miejsce wydarze\u0144? (\u015al\u0105sk)<br \/>\n(opozycja LOKALNIE &#8211; GLOBALNIE)<\/p>\n<p><a href=\"http:\/\/zs.wolczyn.pl\/lo\/sprawozdanie-z-realizacji-projektu-filmoteki-szkolnej\/04_4\/\" rel=\"attachment wp-att-6520\"><img loading=\"lazy\" decoding=\"async\" class=\"aligncenter wp-image-6520 size-large\" src=\"http:\/\/zs.wolczyn.pl\/lo\/wp-content\/uploads\/2023\/11\/04_4-1024x677.jpg\" alt=\"\" width=\"640\" height=\"423\" srcset=\"http:\/\/zs.wolczyn.pl\/lo\/wp-content\/uploads\/2023\/11\/04_4-1024x677.jpg 1024w, http:\/\/zs.wolczyn.pl\/lo\/wp-content\/uploads\/2023\/11\/04_4-300x198.jpg 300w, http:\/\/zs.wolczyn.pl\/lo\/wp-content\/uploads\/2023\/11\/04_4-768x508.jpg 768w, http:\/\/zs.wolczyn.pl\/lo\/wp-content\/uploads\/2023\/11\/04_4-1536x1016.jpg 1536w, http:\/\/zs.wolczyn.pl\/lo\/wp-content\/uploads\/2023\/11\/04_4.jpg 1920w\" sizes=\"(max-width: 640px) 100vw, 640px\" \/><\/a><\/p>\n<p><a href=\"http:\/\/zs.wolczyn.pl\/lo\/sprawozdanie-z-realizacji-projektu-filmoteki-szkolnej\/05_5\/\" rel=\"attachment wp-att-6521\"><img loading=\"lazy\" decoding=\"async\" class=\"aligncenter size-large wp-image-6521\" src=\"http:\/\/zs.wolczyn.pl\/lo\/wp-content\/uploads\/2023\/11\/05_5-1024x915.jpg\" alt=\"\" width=\"640\" height=\"572\" srcset=\"http:\/\/zs.wolczyn.pl\/lo\/wp-content\/uploads\/2023\/11\/05_5-1024x915.jpg 1024w, http:\/\/zs.wolczyn.pl\/lo\/wp-content\/uploads\/2023\/11\/05_5-300x268.jpg 300w, http:\/\/zs.wolczyn.pl\/lo\/wp-content\/uploads\/2023\/11\/05_5-768x686.jpg 768w, http:\/\/zs.wolczyn.pl\/lo\/wp-content\/uploads\/2023\/11\/05_5-1536x1372.jpg 1536w, http:\/\/zs.wolczyn.pl\/lo\/wp-content\/uploads\/2023\/11\/05_5.jpg 1920w\" sizes=\"(max-width: 640px) 100vw, 640px\" \/><\/a><\/p>\n<p>3. Jak zosta\u0142y ukazane w filmie dom (gdzie jest usytuowany? Jak\u0105 pe\u0142ni rol\u0119), rodzina? Gabriel?<br \/>\nJak\u0105 rol\u0119 odgrywa rodzina?<br \/>\nJak zachowuje si\u0119 Gabriel?<\/p>\n<p><a href=\"http:\/\/zs.wolczyn.pl\/lo\/sprawozdanie-z-realizacji-projektu-filmoteki-szkolnej\/06_6\/\" rel=\"attachment wp-att-6522\"><img loading=\"lazy\" decoding=\"async\" class=\"aligncenter size-large wp-image-6522\" src=\"http:\/\/zs.wolczyn.pl\/lo\/wp-content\/uploads\/2023\/11\/06_6-1024x747.jpg\" alt=\"\" width=\"640\" height=\"467\" srcset=\"http:\/\/zs.wolczyn.pl\/lo\/wp-content\/uploads\/2023\/11\/06_6-1024x747.jpg 1024w, http:\/\/zs.wolczyn.pl\/lo\/wp-content\/uploads\/2023\/11\/06_6-300x219.jpg 300w, http:\/\/zs.wolczyn.pl\/lo\/wp-content\/uploads\/2023\/11\/06_6-768x560.jpg 768w, http:\/\/zs.wolczyn.pl\/lo\/wp-content\/uploads\/2023\/11\/06_6-1536x1120.jpg 1536w, http:\/\/zs.wolczyn.pl\/lo\/wp-content\/uploads\/2023\/11\/06_6.jpg 1920w\" sizes=\"(max-width: 640px) 100vw, 640px\" \/><\/a><\/p>\n<p><a href=\"http:\/\/zs.wolczyn.pl\/lo\/sprawozdanie-z-realizacji-projektu-filmoteki-szkolnej\/08_7\/\" rel=\"attachment wp-att-6527\"><img loading=\"lazy\" decoding=\"async\" class=\"aligncenter size-large wp-image-6527\" src=\"http:\/\/zs.wolczyn.pl\/lo\/wp-content\/uploads\/2023\/11\/08_7-1024x817.jpg\" alt=\"\" width=\"640\" height=\"511\" srcset=\"http:\/\/zs.wolczyn.pl\/lo\/wp-content\/uploads\/2023\/11\/08_7-1024x817.jpg 1024w, http:\/\/zs.wolczyn.pl\/lo\/wp-content\/uploads\/2023\/11\/08_7-300x239.jpg 300w, http:\/\/zs.wolczyn.pl\/lo\/wp-content\/uploads\/2023\/11\/08_7-768x613.jpg 768w, http:\/\/zs.wolczyn.pl\/lo\/wp-content\/uploads\/2023\/11\/08_7-1536x1226.jpg 1536w, http:\/\/zs.wolczyn.pl\/lo\/wp-content\/uploads\/2023\/11\/08_7.jpg 1920w\" sizes=\"(max-width: 640px) 100vw, 640px\" \/><\/a><\/p>\n<p>&nbsp;<\/p>\n","protected":false},"excerpt":{"rendered":"<p>W ramach realizacji projektu Filmoteki Szkolnej po zapoznaniu si\u0119 z filmem Kazimierza Kutza<\/p>\n","protected":false},"author":1,"featured_media":6531,"comment_status":"closed","ping_status":"closed","sticky":false,"template":"","format":"standard","meta":{"ngg_post_thumbnail":0,"footnotes":""},"categories":[17],"tags":[],"class_list":["post-6516","post","type-post","status-publish","format-standard","has-post-thumbnail","hentry","category-z-zycia-szkoly"],"_links":{"self":[{"href":"http:\/\/zs.wolczyn.pl\/lo\/wp-json\/wp\/v2\/posts\/6516"}],"collection":[{"href":"http:\/\/zs.wolczyn.pl\/lo\/wp-json\/wp\/v2\/posts"}],"about":[{"href":"http:\/\/zs.wolczyn.pl\/lo\/wp-json\/wp\/v2\/types\/post"}],"author":[{"embeddable":true,"href":"http:\/\/zs.wolczyn.pl\/lo\/wp-json\/wp\/v2\/users\/1"}],"replies":[{"embeddable":true,"href":"http:\/\/zs.wolczyn.pl\/lo\/wp-json\/wp\/v2\/comments?post=6516"}],"version-history":[{"count":4,"href":"http:\/\/zs.wolczyn.pl\/lo\/wp-json\/wp\/v2\/posts\/6516\/revisions"}],"predecessor-version":[{"id":6530,"href":"http:\/\/zs.wolczyn.pl\/lo\/wp-json\/wp\/v2\/posts\/6516\/revisions\/6530"}],"wp:featuredmedia":[{"embeddable":true,"href":"http:\/\/zs.wolczyn.pl\/lo\/wp-json\/wp\/v2\/media\/6531"}],"wp:attachment":[{"href":"http:\/\/zs.wolczyn.pl\/lo\/wp-json\/wp\/v2\/media?parent=6516"}],"wp:term":[{"taxonomy":"category","embeddable":true,"href":"http:\/\/zs.wolczyn.pl\/lo\/wp-json\/wp\/v2\/categories?post=6516"},{"taxonomy":"post_tag","embeddable":true,"href":"http:\/\/zs.wolczyn.pl\/lo\/wp-json\/wp\/v2\/tags?post=6516"}],"curies":[{"name":"wp","href":"https:\/\/api.w.org\/{rel}","templated":true}]}}