{"id":6532,"date":"2023-12-01T13:03:38","date_gmt":"2023-12-01T12:03:38","guid":{"rendered":"http:\/\/zs.wolczyn.pl\/lo\/?p=6532"},"modified":"2023-12-01T13:10:21","modified_gmt":"2023-12-01T12:10:21","slug":"wyjazdowe-warsztaty-z-instytutem-politologii-uniwersytetu-wroclawskiego","status":"publish","type":"post","link":"http:\/\/zs.wolczyn.pl\/lo\/wyjazdowe-warsztaty-z-instytutem-politologii-uniwersytetu-wroclawskiego\/","title":{"rendered":"Warsztaty w Instytutucie Politologii UW"},"content":{"rendered":"<div dir=\"auto\">30 listopada grupa uczni\u00f3w z klasy 1a i 2b naszego liceum w ramach wsp\u00f3\u0142pracy z Instytutem Politologii Uniwersytetu Wroc\u0142awskiego uczestniczy\u0142a w warsztatach.<\/div>\n<p><!--more--><\/p>\n<div dir=\"auto\">Ich g\u0142\u00f3wnym tematem by\u0142a analiza \u017ar\u00f3de\u0142 z okresu stanu wojennego w archiwum uczelni. W Izbie Pami\u0119ci natomiast wys\u0142uchali\u015bmy wyk\u0142adu na temat: Polska w 1989 r., prze\u0142omowe wydarzenia i ich pami\u0119\u0107 o nich. Zwie\u0144czeniem wyjazdu by\u0142 spacer po mro\u017anym i za\u015bnie\u017conym Wroc\u0142awiu.<\/div>\n<div dir=\"auto\">ngg_shortcode_0_placeholder<\/div>\n","protected":false},"excerpt":{"rendered":"<p>30 listopada grupa uczni\u00f3w z klasy 1a i 2b naszego liceum w ramach wsp\u00f3\u0142pracy z Instytutem Politologii Uniwersytetu Wroc\u0142awskiego uczestniczy\u0142a <a href=\"http:\/\/zs.wolczyn.pl\/lo\/wyjazdowe-warsztaty-z-instytutem-politologii-uniwersytetu-wroclawskiego\/\" class=\"read-more\">Czytaj dalej &#8230;<\/a><\/p>\n","protected":false},"author":1,"featured_media":6533,"comment_status":"closed","ping_status":"closed","sticky":false,"template":"","format":"standard","meta":{"ngg_post_thumbnail":0,"footnotes":""},"categories":[54,17],"tags":[],"class_list":["post-6532","post","type-post","status-publish","format-standard","has-post-thumbnail","hentry","category-wspolpraca","category-z-zycia-szkoly"],"_links":{"self":[{"href":"http:\/\/zs.wolczyn.pl\/lo\/wp-json\/wp\/v2\/posts\/6532"}],"collection":[{"href":"http:\/\/zs.wolczyn.pl\/lo\/wp-json\/wp\/v2\/posts"}],"about":[{"href":"http:\/\/zs.wolczyn.pl\/lo\/wp-json\/wp\/v2\/types\/post"}],"author":[{"embeddable":true,"href":"http:\/\/zs.wolczyn.pl\/lo\/wp-json\/wp\/v2\/users\/1"}],"replies":[{"embeddable":true,"href":"http:\/\/zs.wolczyn.pl\/lo\/wp-json\/wp\/v2\/comments?post=6532"}],"version-history":[{"count":5,"href":"http:\/\/zs.wolczyn.pl\/lo\/wp-json\/wp\/v2\/posts\/6532\/revisions"}],"predecessor-version":[{"id":6552,"href":"http:\/\/zs.wolczyn.pl\/lo\/wp-json\/wp\/v2\/posts\/6532\/revisions\/6552"}],"wp:featuredmedia":[{"embeddable":true,"href":"http:\/\/zs.wolczyn.pl\/lo\/wp-json\/wp\/v2\/media\/6533"}],"wp:attachment":[{"href":"http:\/\/zs.wolczyn.pl\/lo\/wp-json\/wp\/v2\/media?parent=6532"}],"wp:term":[{"taxonomy":"category","embeddable":true,"href":"http:\/\/zs.wolczyn.pl\/lo\/wp-json\/wp\/v2\/categories?post=6532"},{"taxonomy":"post_tag","embeddable":true,"href":"http:\/\/zs.wolczyn.pl\/lo\/wp-json\/wp\/v2\/tags?post=6532"}],"curies":[{"name":"wp","href":"https:\/\/api.w.org\/{rel}","templated":true}]}}