{"id":6566,"date":"2023-12-05T11:46:27","date_gmt":"2023-12-05T10:46:27","guid":{"rendered":"http:\/\/zs.wolczyn.pl\/lo\/?p=6566"},"modified":"2025-02-13T09:38:00","modified_gmt":"2025-02-13T08:38:00","slug":"listopadowe-kulturalia","status":"publish","type":"post","link":"http:\/\/zs.wolczyn.pl\/lo\/listopadowe-kulturalia\/","title":{"rendered":"Listopadowe Kulturalia"},"content":{"rendered":"<p>29 listopada b.r. reaktywowali\u015bmy szkolne Kulturalia, kt\u00f3re po raz pierwszy mia\u0142y miejsce w 2002 r., a tegoroczne by\u0142y ju\u017c XXIX.<!--more--> Chcemy wr\u00f3ci\u0107 do tej pi\u0119knej tradycji po\u015bwi\u0119conych kulturze spotka\u0144 spo\u0142eczno\u015bci szkolnej z mieszka\u0144cami gminy. Wczorajsze Kulturalia by\u0142y o tematyce patriotycznej, wspomnieniowej \u2013 jak na melancholijny listopad przysta\u0142o. Wspominali\u015bmy tych, kt\u00f3rzy odeszli od nas w 2023 r., w\u015br\u00f3d nich ojca Czes\u0142awa Wron\u0119 i El\u017cbiet\u0119 Zab\u0142ock\u0105. O tematyce patriotycznej imprezy przes\u0105dzi\u0142y rocznice mijaj\u0105cego miesi\u0105ca &#8211; odzyskania niepodleg\u0142o\u015bci i wybuchu powstania listopadowego. Widzowie obejrzeli monta\u017c s\u0142owno-muzyczny w wykonaniu uczni\u00f3w klas trzecich przygotowany pod opiek\u0105 pa\u0144 G. Mrozek i J. Cha\u0142ubiec oraz wyst\u0119py solistek z klas pierwszych, nad kt\u00f3rymi czuwa\u0142a pani M. Tymczyszyn. Dope\u0142nieniem ca\u0142o\u015bci by\u0142y utwory muzyczne Marka Grechuty. W rol\u0119 profesjonalnych konferansjer\u00f3w wcielili si\u0119 uczniowie liceum. Go\u015bci pocz\u0119stowano ciasteczkami upieczonymi przez uczni\u00f3w klas 6. i 7., udekorowanych bia\u0142o-czerwono.<br \/>\nSerdecznie dzi\u0119kujemy naszym Go\u015bciom, Rodzicom, kt\u00f3rzy wczoraj zaszczycili nas swoj\u0105 obecno\u015bci\u0105. Liczymy na Pa\u0144stwa obecno\u015b\u0107 na jubileuszowych XXX Szkolnych Kulturaliach.<\/p>\nngg_shortcode_0_placeholder\n","protected":false},"excerpt":{"rendered":"<p>29 listopada b.r. reaktywowali\u015bmy szkolne Kulturalia, kt\u00f3re po raz pierwszy mia\u0142y miejsce w 2002 r., a tegoroczne by\u0142y ju\u017c XXIX.<\/p>\n","protected":false},"author":1,"featured_media":6604,"comment_status":"closed","ping_status":"closed","sticky":false,"template":"","format":"standard","meta":{"ngg_post_thumbnail":0,"footnotes":""},"categories":[44,17],"tags":[],"class_list":["post-6566","post","type-post","status-publish","format-standard","has-post-thumbnail","hentry","category-wkrotce","category-z-zycia-szkoly"],"_links":{"self":[{"href":"http:\/\/zs.wolczyn.pl\/lo\/wp-json\/wp\/v2\/posts\/6566"}],"collection":[{"href":"http:\/\/zs.wolczyn.pl\/lo\/wp-json\/wp\/v2\/posts"}],"about":[{"href":"http:\/\/zs.wolczyn.pl\/lo\/wp-json\/wp\/v2\/types\/post"}],"author":[{"embeddable":true,"href":"http:\/\/zs.wolczyn.pl\/lo\/wp-json\/wp\/v2\/users\/1"}],"replies":[{"embeddable":true,"href":"http:\/\/zs.wolczyn.pl\/lo\/wp-json\/wp\/v2\/comments?post=6566"}],"version-history":[{"count":2,"href":"http:\/\/zs.wolczyn.pl\/lo\/wp-json\/wp\/v2\/posts\/6566\/revisions"}],"predecessor-version":[{"id":6588,"href":"http:\/\/zs.wolczyn.pl\/lo\/wp-json\/wp\/v2\/posts\/6566\/revisions\/6588"}],"wp:featuredmedia":[{"embeddable":true,"href":"http:\/\/zs.wolczyn.pl\/lo\/wp-json\/wp\/v2\/media\/6604"}],"wp:attachment":[{"href":"http:\/\/zs.wolczyn.pl\/lo\/wp-json\/wp\/v2\/media?parent=6566"}],"wp:term":[{"taxonomy":"category","embeddable":true,"href":"http:\/\/zs.wolczyn.pl\/lo\/wp-json\/wp\/v2\/categories?post=6566"},{"taxonomy":"post_tag","embeddable":true,"href":"http:\/\/zs.wolczyn.pl\/lo\/wp-json\/wp\/v2\/tags?post=6566"}],"curies":[{"name":"wp","href":"https:\/\/api.w.org\/{rel}","templated":true}]}}