{"id":6589,"date":"2023-12-05T11:52:35","date_gmt":"2023-12-05T10:52:35","guid":{"rendered":"http:\/\/zs.wolczyn.pl\/lo\/?p=6589"},"modified":"2023-12-05T11:52:57","modified_gmt":"2023-12-05T10:52:57","slug":"spotkanie-licealistow-z-adwokatem","status":"publish","type":"post","link":"http:\/\/zs.wolczyn.pl\/lo\/spotkanie-licealistow-z-adwokatem\/","title":{"rendered":"Spotkanie licealist\u00f3w z adwokatem"},"content":{"rendered":"<p>W naszym Liceum po raz kolejny odby\u0142o si\u0119 spotkanie z adwokatem, tym razem odwiedzi\u0142a nas pani mecenas Anna Skrzypczyk-Mi\u015b, <!--more-->kt\u00f3ra poprowadzi\u0142a warsztaty dotycz\u0105ce przemocy. Podczas zaj\u0119\u0107 uczniowie dowiedzieli si\u0119 jakie s\u0105 rodzaje przemocy, jak na ni\u0105 reagowa\u0107, gdzie szuka\u0107 pomocy i jakie kary gro\u017c\u0105 osobom stosuj\u0105cym przemoc wobec innych.<\/p>\nngg_shortcode_0_placeholder\n","protected":false},"excerpt":{"rendered":"<p>W naszym Liceum po raz kolejny odby\u0142o si\u0119 spotkanie z adwokatem, tym razem odwiedzi\u0142a nas pani mecenas Anna Skrzypczyk-Mi\u015b,<\/p>\n","protected":false},"author":1,"featured_media":6601,"comment_status":"closed","ping_status":"closed","sticky":false,"template":"","format":"standard","meta":{"ngg_post_thumbnail":0,"footnotes":""},"categories":[54,17],"tags":[],"class_list":["post-6589","post","type-post","status-publish","format-standard","has-post-thumbnail","hentry","category-wspolpraca","category-z-zycia-szkoly"],"_links":{"self":[{"href":"http:\/\/zs.wolczyn.pl\/lo\/wp-json\/wp\/v2\/posts\/6589"}],"collection":[{"href":"http:\/\/zs.wolczyn.pl\/lo\/wp-json\/wp\/v2\/posts"}],"about":[{"href":"http:\/\/zs.wolczyn.pl\/lo\/wp-json\/wp\/v2\/types\/post"}],"author":[{"embeddable":true,"href":"http:\/\/zs.wolczyn.pl\/lo\/wp-json\/wp\/v2\/users\/1"}],"replies":[{"embeddable":true,"href":"http:\/\/zs.wolczyn.pl\/lo\/wp-json\/wp\/v2\/comments?post=6589"}],"version-history":[{"count":2,"href":"http:\/\/zs.wolczyn.pl\/lo\/wp-json\/wp\/v2\/posts\/6589\/revisions"}],"predecessor-version":[{"id":6603,"href":"http:\/\/zs.wolczyn.pl\/lo\/wp-json\/wp\/v2\/posts\/6589\/revisions\/6603"}],"wp:featuredmedia":[{"embeddable":true,"href":"http:\/\/zs.wolczyn.pl\/lo\/wp-json\/wp\/v2\/media\/6601"}],"wp:attachment":[{"href":"http:\/\/zs.wolczyn.pl\/lo\/wp-json\/wp\/v2\/media?parent=6589"}],"wp:term":[{"taxonomy":"category","embeddable":true,"href":"http:\/\/zs.wolczyn.pl\/lo\/wp-json\/wp\/v2\/categories?post=6589"},{"taxonomy":"post_tag","embeddable":true,"href":"http:\/\/zs.wolczyn.pl\/lo\/wp-json\/wp\/v2\/tags?post=6589"}],"curies":[{"name":"wp","href":"https:\/\/api.w.org\/{rel}","templated":true}]}}