{"id":6607,"date":"2023-12-08T11:52:08","date_gmt":"2023-12-08T10:52:08","guid":{"rendered":"http:\/\/zs.wolczyn.pl\/lo\/?p=6607"},"modified":"2023-12-13T10:30:32","modified_gmt":"2023-12-13T09:30:32","slug":"piernikowo-i-swiatecznie","status":"publish","type":"post","link":"http:\/\/zs.wolczyn.pl\/lo\/piernikowo-i-swiatecznie\/","title":{"rendered":"Piernikowo i \u015bwi\u0105tecznie&#8230;"},"content":{"rendered":"<p style=\"text-align: left;\">Grudzie\u0144 to okres przed\u015bwi\u0105teczny, kt\u00f3ry nierozerwalnie \u0142\u0105czy si\u0119 z pieczeniem piernik\u00f3w i ich magicznym zapachem. W dniu 07 grudnia uczniowie klasy I LO wnie\u015bli troch\u0119 tego magicznego, \u015bwi\u0105tecznego zapachu do szko\u0142y.<!--more--> Przy \u015bwi\u0105tecznej muzyce wielkie pieczenie okaza\u0142o si\u0119 niesamowit\u0105 kulinarn\u0105 przygod\u0105. Pomys\u0142\u00f3w na udekorowanie tych przysmak\u00f3w by\u0142o wiele. Cudnie! Pysznie! Kolorowo!<\/p>\n<p style=\"text-align: right;\">Ewelina Baran<br \/>\nMagdalena Ossoli\u0144ska-Staszewska<\/p>\nngg_shortcode_0_placeholder\n","protected":false},"excerpt":{"rendered":"<p>Grudzie\u0144 to okres przed\u015bwi\u0105teczny, kt\u00f3ry nierozerwalnie \u0142\u0105czy si\u0119 z pieczeniem piernik\u00f3w i ich magicznym zapachem. W dniu 07 grudnia uczniowie <a href=\"http:\/\/zs.wolczyn.pl\/lo\/piernikowo-i-swiatecznie\/\" class=\"read-more\">Czytaj dalej &#8230;<\/a><\/p>\n","protected":false},"author":1,"featured_media":6626,"comment_status":"closed","ping_status":"closed","sticky":false,"template":"","format":"standard","meta":{"ngg_post_thumbnail":0,"footnotes":""},"categories":[17],"tags":[],"class_list":["post-6607","post","type-post","status-publish","format-standard","has-post-thumbnail","hentry","category-z-zycia-szkoly"],"_links":{"self":[{"href":"http:\/\/zs.wolczyn.pl\/lo\/wp-json\/wp\/v2\/posts\/6607"}],"collection":[{"href":"http:\/\/zs.wolczyn.pl\/lo\/wp-json\/wp\/v2\/posts"}],"about":[{"href":"http:\/\/zs.wolczyn.pl\/lo\/wp-json\/wp\/v2\/types\/post"}],"author":[{"embeddable":true,"href":"http:\/\/zs.wolczyn.pl\/lo\/wp-json\/wp\/v2\/users\/1"}],"replies":[{"embeddable":true,"href":"http:\/\/zs.wolczyn.pl\/lo\/wp-json\/wp\/v2\/comments?post=6607"}],"version-history":[{"count":4,"href":"http:\/\/zs.wolczyn.pl\/lo\/wp-json\/wp\/v2\/posts\/6607\/revisions"}],"predecessor-version":[{"id":6645,"href":"http:\/\/zs.wolczyn.pl\/lo\/wp-json\/wp\/v2\/posts\/6607\/revisions\/6645"}],"wp:featuredmedia":[{"embeddable":true,"href":"http:\/\/zs.wolczyn.pl\/lo\/wp-json\/wp\/v2\/media\/6626"}],"wp:attachment":[{"href":"http:\/\/zs.wolczyn.pl\/lo\/wp-json\/wp\/v2\/media?parent=6607"}],"wp:term":[{"taxonomy":"category","embeddable":true,"href":"http:\/\/zs.wolczyn.pl\/lo\/wp-json\/wp\/v2\/categories?post=6607"},{"taxonomy":"post_tag","embeddable":true,"href":"http:\/\/zs.wolczyn.pl\/lo\/wp-json\/wp\/v2\/tags?post=6607"}],"curies":[{"name":"wp","href":"https:\/\/api.w.org\/{rel}","templated":true}]}}