{"id":6629,"date":"2023-12-13T10:21:25","date_gmt":"2023-12-13T09:21:25","guid":{"rendered":"http:\/\/zs.wolczyn.pl\/lo\/?p=6629"},"modified":"2023-12-13T13:10:21","modified_gmt":"2023-12-13T12:10:21","slug":"42-rocznica-wprowadzenia-stanu-wojennego","status":"publish","type":"post","link":"http:\/\/zs.wolczyn.pl\/lo\/42-rocznica-wprowadzenia-stanu-wojennego\/","title":{"rendered":"42 rocznica wprowadzenia stanu wojennego"},"content":{"rendered":"<p>42 lata temu, w nocy z 12 na 13 grudnia 1981 r., wprowadzono w Polsce stan wojenny. <!--more-->W\u0142adz\u0119 w Polsce przej\u0119\u0142a junta wojskowa pod przyw\u00f3dztwem gen. Wojciecha Jaruzelskiego. Celem re\u017cimu komunistycznego by\u0142o zniszczenie ruchu &#8222;Solidarno\u015bci&#8221;. Pami\u0119tamy. Uczniowie przygotowali upami\u0119tniaj\u0105ce plakaty oraz audycj\u0119 po\u015bwi\u0119con\u0105 temu wydarzeniu, kt\u00f3ra zosta\u0142a odtworzona ca\u0142ej spo\u0142eczno\u015bci szkolnej.<\/p>\nngg_shortcode_0_placeholder\n","protected":false},"excerpt":{"rendered":"<p>42 lata temu, w nocy z 12 na 13 grudnia 1981 r., wprowadzono w Polsce stan wojenny.<\/p>\n","protected":false},"author":1,"featured_media":6635,"comment_status":"closed","ping_status":"closed","sticky":false,"template":"","format":"standard","meta":{"ngg_post_thumbnail":0,"footnotes":""},"categories":[17],"tags":[],"class_list":["post-6629","post","type-post","status-publish","format-standard","has-post-thumbnail","hentry","category-z-zycia-szkoly"],"_links":{"self":[{"href":"http:\/\/zs.wolczyn.pl\/lo\/wp-json\/wp\/v2\/posts\/6629"}],"collection":[{"href":"http:\/\/zs.wolczyn.pl\/lo\/wp-json\/wp\/v2\/posts"}],"about":[{"href":"http:\/\/zs.wolczyn.pl\/lo\/wp-json\/wp\/v2\/types\/post"}],"author":[{"embeddable":true,"href":"http:\/\/zs.wolczyn.pl\/lo\/wp-json\/wp\/v2\/users\/1"}],"replies":[{"embeddable":true,"href":"http:\/\/zs.wolczyn.pl\/lo\/wp-json\/wp\/v2\/comments?post=6629"}],"version-history":[{"count":3,"href":"http:\/\/zs.wolczyn.pl\/lo\/wp-json\/wp\/v2\/posts\/6629\/revisions"}],"predecessor-version":[{"id":6673,"href":"http:\/\/zs.wolczyn.pl\/lo\/wp-json\/wp\/v2\/posts\/6629\/revisions\/6673"}],"wp:featuredmedia":[{"embeddable":true,"href":"http:\/\/zs.wolczyn.pl\/lo\/wp-json\/wp\/v2\/media\/6635"}],"wp:attachment":[{"href":"http:\/\/zs.wolczyn.pl\/lo\/wp-json\/wp\/v2\/media?parent=6629"}],"wp:term":[{"taxonomy":"category","embeddable":true,"href":"http:\/\/zs.wolczyn.pl\/lo\/wp-json\/wp\/v2\/categories?post=6629"},{"taxonomy":"post_tag","embeddable":true,"href":"http:\/\/zs.wolczyn.pl\/lo\/wp-json\/wp\/v2\/tags?post=6629"}],"curies":[{"name":"wp","href":"https:\/\/api.w.org\/{rel}","templated":true}]}}