{"id":6687,"date":"2023-12-22T09:23:07","date_gmt":"2023-12-22T08:23:07","guid":{"rendered":"http:\/\/zs.wolczyn.pl\/lo\/?p=6687"},"modified":"2023-12-22T11:46:52","modified_gmt":"2023-12-22T10:46:52","slug":"w-swiatecznym-nastroju","status":"publish","type":"post","link":"http:\/\/zs.wolczyn.pl\/lo\/w-swiatecznym-nastroju\/","title":{"rendered":"W \u015bwi\u0105tecznym nastroju"},"content":{"rendered":"<p style=\"text-align: left;\">Z inicjatywy Samorz\u0105du Uczniowskiego LO w Wo\u0142czynie w grudniu br. zosta\u0142 po raz pierwszy przeprowadzony konkurs na naj\u0142adniej udekorowan\u0105 klasopracowni\u0119 w okresie \u015awi\u0105t Bo\u017cego Narodzenia. Uczniowie z naszego liceum z wielkim zaanga\u017cowaniem <!--more-->przyst\u0105pili do upi\u0119kszania pracowni. Z ka\u017cdym dniem pomieszczenia zmienia\u0142y sw\u00f3j wygl\u0105d, przybywa\u0142o okazjonalnych dekoracji i czu\u0107 by\u0142o atmosfer\u0119 zbli\u017caj\u0105cych si\u0119 \u015awi\u0105t.<br \/>\nW ostatnim dniu nauki przed przerw\u0105 \u015bwi\u0105teczn\u0105, podczas gdy uczniowie mieli swoje klasowe spotkania wigilijne, nast\u0105pi\u0142o rozstrzygni\u0119cie konkursu. Pi\u0119cioosobowa komisja w sk\u0142adzie dyrektor szko\u0142y Pani Ewa W\u0142os, kierownik \u015bwietlicy Pani El\u017cbieta G\u0142uszko \u2013 Potera\u0142owicz, kierownik administracji Pani Aneta Antkowiak, nauczyciel plastyki Pani Krystyna Dusanowska oraz opiekun licealnego Samorz\u0105du Uczniowskiego Pan Bogus\u0142aw W\u0142os, dokona\u0142a oceny wystroju pracowni, bior\u0105c pod uwag\u0119 r\u00f3\u017cnorodno\u015b\u0107 i bogactwo element\u00f3w dekoracji \u015bwi\u0105tecznych, oryginalno\u015b\u0107 i kreatywno\u015b\u0107 oraz estetyk\u0119 wykonania. Po podliczeniu wszystkich punkt\u00f3w od poszczeg\u00f3lnych cz\u0142onk\u00f3w komisji okaza\u0142o si\u0119, \u017ce za naj\u0142adniej udekorowan\u0105 uznano klasopracowni\u0119 nr 204, kt\u00f3r\u0105 opiekuje si\u0119 klasa 2A.<br \/>\nW ramach wyr\u00f3\u017cnienia i podzi\u0119kowania wszystkie klasy licealne za udzia\u0142 w konkursie po Nowym Roku otrzymaj\u0105 antyram\u0119 z pami\u0105tkowym zdj\u0119ciem zespo\u0142u klasowego na tle przystrojonej klasopracowni oraz nagrod\u0119 niespodziank\u0119. Zdj\u0119cia publikujemy na naszej stronie internetowej i licealnym Fb.<br \/>\nJeszcze raz dzi\u0119kujemy wszystkim bior\u0105cym udzia\u0142 w konkursie za kreatywne zaanga\u017cowanie si\u0119 w artystycznym przedsi\u0119wzi\u0119ciu i gratulujemy klasie 2A za uzyskanie najlepszego wyniku w szkole. Mamy nadziej\u0119, \u017ce za rok ponownie b\u0119dziemy oczekiwa\u0107 od uczni\u00f3w ciekawych pomys\u0142\u00f3w przybli\u017caj\u0105cych nam cudown\u0105 atmosfer\u0119 \u015awi\u0105t Bo\u017cego Narodzenia.<\/p>\nngg_shortcode_0_placeholder\n<p style=\"text-align: right;\">Samorz\u0105d Uczniowski LO w Wo\u0142czynie<\/p>\n","protected":false},"excerpt":{"rendered":"<p>Z inicjatywy Samorz\u0105du Uczniowskiego LO w Wo\u0142czynie w grudniu br. zosta\u0142 po raz pierwszy przeprowadzony konkurs na naj\u0142adniej udekorowan\u0105 klasopracowni\u0119 <a href=\"http:\/\/zs.wolczyn.pl\/lo\/w-swiatecznym-nastroju\/\" class=\"read-more\">Czytaj dalej &#8230;<\/a><\/p>\n","protected":false},"author":1,"featured_media":6688,"comment_status":"closed","ping_status":"closed","sticky":false,"template":"","format":"standard","meta":{"ngg_post_thumbnail":0,"footnotes":""},"categories":[17],"tags":[],"class_list":["post-6687","post","type-post","status-publish","format-standard","has-post-thumbnail","hentry","category-z-zycia-szkoly"],"_links":{"self":[{"href":"http:\/\/zs.wolczyn.pl\/lo\/wp-json\/wp\/v2\/posts\/6687"}],"collection":[{"href":"http:\/\/zs.wolczyn.pl\/lo\/wp-json\/wp\/v2\/posts"}],"about":[{"href":"http:\/\/zs.wolczyn.pl\/lo\/wp-json\/wp\/v2\/types\/post"}],"author":[{"embeddable":true,"href":"http:\/\/zs.wolczyn.pl\/lo\/wp-json\/wp\/v2\/users\/1"}],"replies":[{"embeddable":true,"href":"http:\/\/zs.wolczyn.pl\/lo\/wp-json\/wp\/v2\/comments?post=6687"}],"version-history":[{"count":5,"href":"http:\/\/zs.wolczyn.pl\/lo\/wp-json\/wp\/v2\/posts\/6687\/revisions"}],"predecessor-version":[{"id":6738,"href":"http:\/\/zs.wolczyn.pl\/lo\/wp-json\/wp\/v2\/posts\/6687\/revisions\/6738"}],"wp:featuredmedia":[{"embeddable":true,"href":"http:\/\/zs.wolczyn.pl\/lo\/wp-json\/wp\/v2\/media\/6688"}],"wp:attachment":[{"href":"http:\/\/zs.wolczyn.pl\/lo\/wp-json\/wp\/v2\/media?parent=6687"}],"wp:term":[{"taxonomy":"category","embeddable":true,"href":"http:\/\/zs.wolczyn.pl\/lo\/wp-json\/wp\/v2\/categories?post=6687"},{"taxonomy":"post_tag","embeddable":true,"href":"http:\/\/zs.wolczyn.pl\/lo\/wp-json\/wp\/v2\/tags?post=6687"}],"curies":[{"name":"wp","href":"https:\/\/api.w.org\/{rel}","templated":true}]}}