{"id":6704,"date":"2023-12-22T11:46:22","date_gmt":"2023-12-22T10:46:22","guid":{"rendered":"http:\/\/zs.wolczyn.pl\/lo\/?p=6704"},"modified":"2023-12-22T11:46:22","modified_gmt":"2023-12-22T10:46:22","slug":"jaselka-bozonarodzeniowe-w-liceum-ogolnoksztalcacym","status":"publish","type":"post","link":"http:\/\/zs.wolczyn.pl\/lo\/jaselka-bozonarodzeniowe-w-liceum-ogolnoksztalcacym\/","title":{"rendered":"Jase\u0142ka Bo\u017conarodzeniowe w Liceum Og\u00f3lnokszta\u0142c\u0105cym"},"content":{"rendered":"<p style=\"text-align: left;\">Dnia 20 grudnia 2023, w auli Zespo\u0142u Szk\u00f3\u0142 w Wo\u0142czynie odby\u0142y si\u0119 jase\u0142ka bo\u017conarodzeniowe pod tytu\u0142em Cicha noc.<!--more--> Spektakl zosta\u0142 przygotowane przez uczni\u00f3w klas I i II liceum, pod opiek\u0105 brata Artura Kubicza, pani Krystyny Dusanowskiej oraz pani Eweliny Baran.<br \/>\nWydarzenie to rozpocz\u0119\u0142o si\u0119 wyst\u0105pieniem ucznia Paw\u0142a Grze\u015bkowicza, kt\u00f3ry przywita\u0142 zgromadzonych i zaprosi\u0142 wszystkich do obejrzenia przedstawienia. Sceny odgrywane przez uczni\u00f3w wywo\u0142a\u0142y wiele emocji zar\u00f3wno w\u015br\u00f3d widz\u00f3w jak i aktor\u00f3w. By\u0142o \u015bmiesznie i wzruszaj\u0105co. Uczniowie wykazali si\u0119 \u015bwietn\u0105 gr\u0105 aktorsk\u0105. Zgodnie z tradycj\u0105 w\u015br\u00f3d wyst\u0119puj\u0105cych postaci pojawili si\u0119 trzej kr\u00f3lowie, pasterze, zaprzyja\u017aniony z diab\u0142em Herod, anio\u0142y oraz oczywi\u015bcie \u015bwi\u0119ta rodzina: Jezus, Maryja i J\u00f3zef. Spektakl, zosta\u0142 ciep\u0142o przyj\u0119ty przez zebranych i nagrodzony gromkimi brawami. Na zako\u0144czenie g\u0142os zabra\u0142a Pani Dyrektor Ewa W\u0142os. Podzi\u0119kowa\u0142a uczniom i opiekunom za trud w\u0142o\u017cony w przygotowanie jase\u0142ek oraz z\u0142o\u017cy\u0142a wszystkim zebranym \u017cyczenia bo\u017conarodzeniowe. Tegoroczne jase\u0142ka pozostan\u0105 w naszej pami\u0119ci jako mi\u0142e i warto\u015bciowe prze\u017cycie. Z niecierpliwo\u015bci\u0105 czekamy na kolejne.<\/p>\nngg_shortcode_0_placeholder\n","protected":false},"excerpt":{"rendered":"<p>Dnia 20 grudnia 2023, w auli Zespo\u0142u Szk\u00f3\u0142 w Wo\u0142czynie odby\u0142y si\u0119 jase\u0142ka bo\u017conarodzeniowe pod tytu\u0142em Cicha noc.<\/p>\n","protected":false},"author":1,"featured_media":6736,"comment_status":"closed","ping_status":"closed","sticky":false,"template":"","format":"standard","meta":{"ngg_post_thumbnail":0,"footnotes":""},"categories":[17],"tags":[],"class_list":["post-6704","post","type-post","status-publish","format-standard","has-post-thumbnail","hentry","category-z-zycia-szkoly"],"_links":{"self":[{"href":"http:\/\/zs.wolczyn.pl\/lo\/wp-json\/wp\/v2\/posts\/6704"}],"collection":[{"href":"http:\/\/zs.wolczyn.pl\/lo\/wp-json\/wp\/v2\/posts"}],"about":[{"href":"http:\/\/zs.wolczyn.pl\/lo\/wp-json\/wp\/v2\/types\/post"}],"author":[{"embeddable":true,"href":"http:\/\/zs.wolczyn.pl\/lo\/wp-json\/wp\/v2\/users\/1"}],"replies":[{"embeddable":true,"href":"http:\/\/zs.wolczyn.pl\/lo\/wp-json\/wp\/v2\/comments?post=6704"}],"version-history":[{"count":1,"href":"http:\/\/zs.wolczyn.pl\/lo\/wp-json\/wp\/v2\/posts\/6704\/revisions"}],"predecessor-version":[{"id":6737,"href":"http:\/\/zs.wolczyn.pl\/lo\/wp-json\/wp\/v2\/posts\/6704\/revisions\/6737"}],"wp:featuredmedia":[{"embeddable":true,"href":"http:\/\/zs.wolczyn.pl\/lo\/wp-json\/wp\/v2\/media\/6736"}],"wp:attachment":[{"href":"http:\/\/zs.wolczyn.pl\/lo\/wp-json\/wp\/v2\/media?parent=6704"}],"wp:term":[{"taxonomy":"category","embeddable":true,"href":"http:\/\/zs.wolczyn.pl\/lo\/wp-json\/wp\/v2\/categories?post=6704"},{"taxonomy":"post_tag","embeddable":true,"href":"http:\/\/zs.wolczyn.pl\/lo\/wp-json\/wp\/v2\/tags?post=6704"}],"curies":[{"name":"wp","href":"https:\/\/api.w.org\/{rel}","templated":true}]}}