{"id":6741,"date":"2024-01-09T10:03:50","date_gmt":"2024-01-09T09:03:50","guid":{"rendered":"http:\/\/zs.wolczyn.pl\/lo\/?p=6741"},"modified":"2024-01-09T10:22:09","modified_gmt":"2024-01-09T09:22:09","slug":"orszak-trzech-kroli","status":"publish","type":"post","link":"http:\/\/zs.wolczyn.pl\/lo\/orszak-trzech-kroli\/","title":{"rendered":"Orszak Trzech Kr\u00f3li"},"content":{"rendered":"<div class=\"\" dir=\"auto\">\n<div id=\":Ralelfakql9aqqd9emhpapd5aqH2:\" class=\"x1iorvi4 x1pi30zi x1l90r2v x1swvt13\" data-ad-comet-preview=\"message\" data-ad-preview=\"message\">\n<div class=\"x78zum5 xdt5ytf xz62fqu x16ldp7u\">\n<div class=\"xu06os2 x1ok221b\">\n<div class=\"xdj266r x11i5rnm xat24cr x1mh8g0r x1vvkbs x126k92a\">\n<div dir=\"auto\">Z wielk\u0105 rado\u015bci\u0105 informujemy, \u017ce nasi uczniowie wraz z rodzicami wzi\u0119li udzia\u0142 w tegorocznym Orszaku Trzech Kr\u00f3li!<\/div>\n<div dir=\"auto\">Z u\u015bmiechami na twarzach i kolorowymi rekwizytami,<br \/>\n<!--more--><br \/>\nnasza grupa wnios\u0142a do tego magicznego wydarzenia jeszcze wi\u0119cej entuzjazmu i wsp\u00f3lnego \u015bwi\u0119towania.<br \/>\nDzi\u0119kujemy wszystkim uczestnikom za zaanga\u017cowanie i serdeczno\u015b\u0107, jak\u0105 wnie\u015bli\u015bcie do Orszaku. To niezwyk\u0142e wydarzenie pozwoli\u0142o nam nie tylko razem celebrowa\u0107 \u015awi\u0119to Trzech Kr\u00f3li, ale tak\u017ce stworzy\u0107 niezapomniane chwile pe\u0142ne wsp\u00f3lnej rado\u015bci i przyja\u017ani.<br \/>\nWszystkim uczniom, nauczycielom, rodzicom i przyjacio\u0142om, kt\u00f3rzy do\u0142\u0105czyli do nas w tym magicznym dniu, serdecznie dzi\u0119kujemy! Niech Nowy Rok przyniesie nam jeszcze wi\u0119cej takich pi\u0119knych chwil wsp\u00f3lnego \u015bwi\u0119towania i rado\u015bci.<\/div>\n<div dir=\"auto\">ngg_shortcode_0_placeholder<\/div>\n<\/div>\n<\/div>\n<\/div>\n<\/div>\n<\/div>\n<p>&nbsp;<\/p>\n","protected":false},"excerpt":{"rendered":"<p>Z wielk\u0105 rado\u015bci\u0105 informujemy, \u017ce nasi uczniowie wraz z rodzicami wzi\u0119li udzia\u0142 w tegorocznym Orszaku Trzech Kr\u00f3li! Z u\u015bmiechami na <a href=\"http:\/\/zs.wolczyn.pl\/lo\/orszak-trzech-kroli\/\" class=\"read-more\">Czytaj dalej &#8230;<\/a><\/p>\n","protected":false},"author":1,"featured_media":6761,"comment_status":"closed","ping_status":"closed","sticky":false,"template":"","format":"standard","meta":{"ngg_post_thumbnail":0,"footnotes":""},"categories":[17],"tags":[],"class_list":["post-6741","post","type-post","status-publish","format-standard","has-post-thumbnail","hentry","category-z-zycia-szkoly"],"_links":{"self":[{"href":"http:\/\/zs.wolczyn.pl\/lo\/wp-json\/wp\/v2\/posts\/6741"}],"collection":[{"href":"http:\/\/zs.wolczyn.pl\/lo\/wp-json\/wp\/v2\/posts"}],"about":[{"href":"http:\/\/zs.wolczyn.pl\/lo\/wp-json\/wp\/v2\/types\/post"}],"author":[{"embeddable":true,"href":"http:\/\/zs.wolczyn.pl\/lo\/wp-json\/wp\/v2\/users\/1"}],"replies":[{"embeddable":true,"href":"http:\/\/zs.wolczyn.pl\/lo\/wp-json\/wp\/v2\/comments?post=6741"}],"version-history":[{"count":4,"href":"http:\/\/zs.wolczyn.pl\/lo\/wp-json\/wp\/v2\/posts\/6741\/revisions"}],"predecessor-version":[{"id":6765,"href":"http:\/\/zs.wolczyn.pl\/lo\/wp-json\/wp\/v2\/posts\/6741\/revisions\/6765"}],"wp:featuredmedia":[{"embeddable":true,"href":"http:\/\/zs.wolczyn.pl\/lo\/wp-json\/wp\/v2\/media\/6761"}],"wp:attachment":[{"href":"http:\/\/zs.wolczyn.pl\/lo\/wp-json\/wp\/v2\/media?parent=6741"}],"wp:term":[{"taxonomy":"category","embeddable":true,"href":"http:\/\/zs.wolczyn.pl\/lo\/wp-json\/wp\/v2\/categories?post=6741"},{"taxonomy":"post_tag","embeddable":true,"href":"http:\/\/zs.wolczyn.pl\/lo\/wp-json\/wp\/v2\/tags?post=6741"}],"curies":[{"name":"wp","href":"https:\/\/api.w.org\/{rel}","templated":true}]}}