{"id":6905,"date":"2024-02-09T10:58:07","date_gmt":"2024-02-09T09:58:07","guid":{"rendered":"http:\/\/zs.wolczyn.pl\/lo\/?p=6905"},"modified":"2024-02-14T11:57:55","modified_gmt":"2024-02-14T10:57:55","slug":"slowne-potyczki-o-bulawe-hetmanska","status":"publish","type":"post","link":"http:\/\/zs.wolczyn.pl\/lo\/slowne-potyczki-o-bulawe-hetmanska\/","title":{"rendered":"S\u0142owne potyczki \u201eO Bu\u0142aw\u0119 Hetma\u0144sk\u0105\u201d"},"content":{"rendered":"<p>8 lutego 2024 roku w Byczynie odby\u0142 si\u0119 XXVIII Wojew\u00f3dzki Turniej Recytatorski \u201eO Bu\u0142aw\u0119 Hetma\u0144sk\u0105\u201d. Spotkania od lat ciesz\u0105 si\u0119 du\u017cym zainteresowaniem dzieci i m\u0142odzie\u017cy z wojew\u00f3dztwa opolskiego. <!--more-->Konkurs organizowany jest z racji upami\u0119tnienia bitwy pod Byczyn\u0105, stoczonej 24 stycznia 1588 roku. Gospodarzem turnieju od lat jest O\u015brodek Kultury w Byczynie, natomiast wsp\u00f3\u0142organizatorem Urz\u0105d Marsza\u0142kowski Wojew\u00f3dztwa Opolskiego. Nasz Zesp\u00f3\u0142 Szk\u00f3\u0142 reprezentowali: Antonina Pieckielun (IV B), Pawe\u0142 Grze\u015bkowicz (VI B) i Zofia Rogacz (III LO).<br \/>\nPrzes\u0142uchania odbywa\u0142y si\u0119 w trzech kategoriach wiekowych: uczni\u00f3w szk\u00f3\u0142 podstawowych klas IV-VI oraz klas VII-VIII i m\u0142odzie\u017cy szk\u00f3\u0142 \u015brednich. Jury, po wys\u0142uchaniu ponad pi\u0119\u0107dziesi\u0119ciu m\u00f3wc\u00f3w, postanowi\u0142o przyzna\u0107 I, II i III miejsca w ka\u017cdym przedziale wiekowym. Nasi uczniowie \u2013 Tosia Pieckielun zaj\u0119\u0142a III miejsce a Zosia Rogacz otrzyma\u0142a wyr\u00f3\u017cnienie. Sk\u0142adamy gratulacje i serdecznie podzi\u0119kowania wszystkim uczestnikom. Zach\u0119camy r\u00f3wnie\u017c do szlifowania recytatorskich talent\u00f3w innych uczni\u00f3w naszej szko\u0142y.<\/p>\nngg_shortcode_0_placeholder\n","protected":false},"excerpt":{"rendered":"<p>8 lutego 2024 roku w Byczynie odby\u0142 si\u0119 XXVIII Wojew\u00f3dzki Turniej Recytatorski \u201eO Bu\u0142aw\u0119 Hetma\u0144sk\u0105\u201d. Spotkania od lat ciesz\u0105 si\u0119 <a href=\"http:\/\/zs.wolczyn.pl\/lo\/slowne-potyczki-o-bulawe-hetmanska\/\" class=\"read-more\">Czytaj dalej &#8230;<\/a><\/p>\n","protected":false},"author":1,"featured_media":6913,"comment_status":"closed","ping_status":"closed","sticky":false,"template":"","format":"standard","meta":{"ngg_post_thumbnail":0,"footnotes":""},"categories":[17],"tags":[],"class_list":["post-6905","post","type-post","status-publish","format-standard","has-post-thumbnail","hentry","category-z-zycia-szkoly"],"_links":{"self":[{"href":"http:\/\/zs.wolczyn.pl\/lo\/wp-json\/wp\/v2\/posts\/6905"}],"collection":[{"href":"http:\/\/zs.wolczyn.pl\/lo\/wp-json\/wp\/v2\/posts"}],"about":[{"href":"http:\/\/zs.wolczyn.pl\/lo\/wp-json\/wp\/v2\/types\/post"}],"author":[{"embeddable":true,"href":"http:\/\/zs.wolczyn.pl\/lo\/wp-json\/wp\/v2\/users\/1"}],"replies":[{"embeddable":true,"href":"http:\/\/zs.wolczyn.pl\/lo\/wp-json\/wp\/v2\/comments?post=6905"}],"version-history":[{"count":3,"href":"http:\/\/zs.wolczyn.pl\/lo\/wp-json\/wp\/v2\/posts\/6905\/revisions"}],"predecessor-version":[{"id":6946,"href":"http:\/\/zs.wolczyn.pl\/lo\/wp-json\/wp\/v2\/posts\/6905\/revisions\/6946"}],"wp:featuredmedia":[{"embeddable":true,"href":"http:\/\/zs.wolczyn.pl\/lo\/wp-json\/wp\/v2\/media\/6913"}],"wp:attachment":[{"href":"http:\/\/zs.wolczyn.pl\/lo\/wp-json\/wp\/v2\/media?parent=6905"}],"wp:term":[{"taxonomy":"category","embeddable":true,"href":"http:\/\/zs.wolczyn.pl\/lo\/wp-json\/wp\/v2\/categories?post=6905"},{"taxonomy":"post_tag","embeddable":true,"href":"http:\/\/zs.wolczyn.pl\/lo\/wp-json\/wp\/v2\/tags?post=6905"}],"curies":[{"name":"wp","href":"https:\/\/api.w.org\/{rel}","templated":true}]}}