{"id":6934,"date":"2024-02-14T11:55:26","date_gmt":"2024-02-14T10:55:26","guid":{"rendered":"http:\/\/zs.wolczyn.pl\/lo\/?p=6934"},"modified":"2024-03-07T07:28:46","modified_gmt":"2024-03-07T06:28:46","slug":"iii-edycji-konkursu-pt-wspolnie-z-lesaffre","status":"publish","type":"post","link":"http:\/\/zs.wolczyn.pl\/lo\/iii-edycji-konkursu-pt-wspolnie-z-lesaffre\/","title":{"rendered":"III Edycja konkursu pt: ,,Wsp\u00f3lnie z Lesaffre&#8221; za nami"},"content":{"rendered":"<p>Dnia 12 lutego odby\u0142o si\u0119 uroczyste rozstrzygni\u0119cie III Edycji konkursu pt: ,,Wsp\u00f3lnie z Lesaffre&#8221; w kt\u00f3rym zaj\u0119li\u015bmy drugie miejsce. Zostali\u015bmy ciep\u0142o <!--more-->ugoszczeni przez Pani\u0105 Dorot\u0119 Rogacz oraz pracownik\u00f3w firmy. Naszymi reprezentantami zosta\u0142y klasy drugie liceum pod opiek\u0105 Pani Franciszki \u0141\u0119czy\u0144skiej oraz Pani Bernadety Mioska-Hury. Ka\u017cdy z zaproszonych go\u015bci wyrazi\u0142 swoj\u0105 opini\u0119 i odczucia na temat projektu. W\u015br\u00f3d nas znale\u017ali si\u0119 Wo\u0142czy\u0144ski O\u015brodek Kultury oraz Ko\u0142o Gospody\u0144 Wiejskich w Wierzbicy G\u00f3rnej. Przy pysznych wypiekach na dro\u017cd\u017cach firmy Lasaffre sp\u0119dzili\u015bmy mi\u0142o czas wymieniaj\u0105c si\u0119 swoimi do\u015bwiadczeniami. Pod koniec naszego spotkania zosta\u0142a og\u0142oszona kolejna edycja projektu. Cieszymy si\u0119 z mi\u0142o sp\u0119dzonego czasu razem. Dzi\u0119kujemy za sfinansowanie grila i le\u017cak\u00f3w dla naszej szko\u0142y liczymy na dalsz\u0105 wsp\u00f3\u0142prac\u0119.<\/p>\nngg_shortcode_0_placeholder\n","protected":false},"excerpt":{"rendered":"<p>Dnia 12 lutego odby\u0142o si\u0119 uroczyste rozstrzygni\u0119cie III Edycji konkursu pt: ,,Wsp\u00f3lnie z Lesaffre&#8221; w kt\u00f3rym zaj\u0119li\u015bmy drugie miejsce. Zostali\u015bmy <a href=\"http:\/\/zs.wolczyn.pl\/lo\/iii-edycji-konkursu-pt-wspolnie-z-lesaffre\/\" class=\"read-more\">Czytaj dalej &#8230;<\/a><\/p>\n","protected":false},"author":1,"featured_media":6943,"comment_status":"closed","ping_status":"closed","sticky":false,"template":"","format":"standard","meta":{"ngg_post_thumbnail":0,"footnotes":""},"categories":[54,17],"tags":[],"class_list":["post-6934","post","type-post","status-publish","format-standard","has-post-thumbnail","hentry","category-wspolpraca","category-z-zycia-szkoly"],"_links":{"self":[{"href":"http:\/\/zs.wolczyn.pl\/lo\/wp-json\/wp\/v2\/posts\/6934"}],"collection":[{"href":"http:\/\/zs.wolczyn.pl\/lo\/wp-json\/wp\/v2\/posts"}],"about":[{"href":"http:\/\/zs.wolczyn.pl\/lo\/wp-json\/wp\/v2\/types\/post"}],"author":[{"embeddable":true,"href":"http:\/\/zs.wolczyn.pl\/lo\/wp-json\/wp\/v2\/users\/1"}],"replies":[{"embeddable":true,"href":"http:\/\/zs.wolczyn.pl\/lo\/wp-json\/wp\/v2\/comments?post=6934"}],"version-history":[{"count":3,"href":"http:\/\/zs.wolczyn.pl\/lo\/wp-json\/wp\/v2\/posts\/6934\/revisions"}],"predecessor-version":[{"id":6975,"href":"http:\/\/zs.wolczyn.pl\/lo\/wp-json\/wp\/v2\/posts\/6934\/revisions\/6975"}],"wp:featuredmedia":[{"embeddable":true,"href":"http:\/\/zs.wolczyn.pl\/lo\/wp-json\/wp\/v2\/media\/6943"}],"wp:attachment":[{"href":"http:\/\/zs.wolczyn.pl\/lo\/wp-json\/wp\/v2\/media?parent=6934"}],"wp:term":[{"taxonomy":"category","embeddable":true,"href":"http:\/\/zs.wolczyn.pl\/lo\/wp-json\/wp\/v2\/categories?post=6934"},{"taxonomy":"post_tag","embeddable":true,"href":"http:\/\/zs.wolczyn.pl\/lo\/wp-json\/wp\/v2\/tags?post=6934"}],"curies":[{"name":"wp","href":"https:\/\/api.w.org\/{rel}","templated":true}]}}