{"id":6954,"date":"2024-03-07T07:26:46","date_gmt":"2024-03-07T06:26:46","guid":{"rendered":"http:\/\/zs.wolczyn.pl\/lo\/?p=6954"},"modified":"2024-03-20T13:52:29","modified_gmt":"2024-03-20T12:52:29","slug":"l-olimpiada-geograficzna-w-jeleniej-gorze","status":"publish","type":"post","link":"http:\/\/zs.wolczyn.pl\/lo\/l-olimpiada-geograficzna-w-jeleniej-gorze\/","title":{"rendered":"L Olimpiada Geograficzna w Jeleniej G\u00f3rze"},"content":{"rendered":"<p>W drugi weekend lutego br. w I LO im. Stefana \u017beromskiego w Jeleniej G\u00f3rze odby\u0142 si\u0119 fina\u0142 okr\u0119gowy jubileuszowej 50 Olimpiady Geograficznej.<!--more--> W wyj\u0105tkowo licznym gronie licz\u0105cym a\u017c 89 uczestnik\u00f3w z wojew\u00f3dztwa dolno\u015bl\u0105skiego i opolskiego znalaz\u0142o si\u0119 tak\u017ce dwoje uczni\u00f3w z naszego liceum: <strong>Zuzanna \u015apiewak<\/strong> i <strong>Adam Tyszkowski<\/strong> z klasy III. Aby zakwalifikowa\u0107 si\u0119 do tego etapu, uczniowie do ko\u0144ca pa\u017adziernika ub. r. musieli napisa\u0107 prac\u0119 badawcza na jeden z 4 zaproponowanych temat\u00f3w. Po wst\u0119pnej ocenie przez komisj\u0119 szkoln\u0105, prace zosta\u0142y dostarczone na Uniwersytet Wroc\u0142awski, gdzie okr\u0119gowe jury dokona\u0142o ich weryfikacji i zaakceptowa\u0142o udzia\u0142 naszych licealist\u00f3w w II etapie zmaga\u0144 olimpijskich. Nale\u017cy nadmieni\u0107, \u017ce prawo startu w tym etapie uzyska\u0142a r\u00f3wnie\u017c <strong>Kinga Garbowska<\/strong> (tak\u017ce z kl. III), jednak ze wzgl\u0119du na na\u0142o\u017cenie si\u0119 termin\u00f3w z mi\u0119dzynarodow\u0105 imprez\u0105 artystyczn\u0105 w Rzymie nie by\u0142a obecna w Jeleniej G\u00f3rze. W pierwszym etapie olimpiady na poziomie szkolnym wzi\u0105\u0142 tak\u017ce udzia\u0142 ucze\u0144 kl. II B <strong>Szymon Zaczyk<\/strong>, jednak jego pracy zabrak\u0142o kilku punkt\u00f3w do uzyskania minimum kwalifikacyjnego ustanowionego w tym roku na poziomie <strong>76 pkt<\/strong>.<\/p>\n<p>Jak przysta\u0142o na jubileuszow\u0105 edycj\u0119 organizatorzy przygotowali tematyczn\u0105 wystaw\u0119 po\u015bwi\u0119con\u0105 50-letniej historii Olimpiady Geograficznej oraz szereg towarzysz\u0105cych imprez dla uczestnik\u00f3w. Pierwszego dnia zmaga\u0144 geograficznych, w czasie gdy liceali\u015bci rozwi\u0105zywali zadania z etapu pisemnego, nauczyciele zwiedzili Muzeum Karkonoskie w Jeleniej G\u00f3rze oraz nowo otwarte Centrum Przyrodniczo &#8211; Edukacyjne Karkonoskiego Parku Narodowego, kt\u00f3re mie\u015bci si\u0119 w kompleksie Pa\u0142acu Sobiesz\u00f3w w pobli\u017cu Jeleniej G\u00f3ry. Po obiedzie cz\u0119\u015b\u0107 licealist\u00f3w ze swoimi opiekunami uda\u0142a si\u0119 z przewodnikiem sudeckim <strong>Andrzejem Paczosem<\/strong> na zwiedzanie najstarszej cz\u0119\u015bci Jeleniej G\u00f3ry, natomiast pozostali mieli stacjonarne spotkanie z podr\u00f3\u017cnikiem, himalaist\u0105 i zdobywc\u0105 kilku o\u015bmiotysi\u0119cznik\u00f3w <strong>Rafa\u0142em Froni\u0105<\/strong>.<\/p>\n<p>Cz\u0119\u015b\u0107 pisemna geograficznych zmaga\u0144 II etapu okaza\u0142a si\u0119 niezwykle trudna, obfitowa\u0142a w wiele nietypowych zada\u0144 wymagaj\u0105cych wszechstronnej i do tego bardzo szczeg\u00f3\u0142owych informacji z geografii fizycznej, politycznej czy demografii cz\u0119sto zahaczaj\u0105cych o inne dziedziny wiedzy takie jak biologia czy ekonomia. Nasi liceali\u015bci uzyskali wyniki na miar\u0119 swoich mo\u017cliwo\u015bci plasuj\u0105c si\u0119 w po\u0142owie stawki. Nast\u0119pnego dnia odby\u0142 si\u0119 fina\u0142 ustny Olimpiady, wy\u0142oni\u0142 on 9-osobow\u0105 grup\u0119 uczni\u00f3w z kwalifikacj\u0105 do etapu centralnego, kt\u00f3ry w tym roku odb\u0119dzie si\u0119 w \u0141odzi w drugiej po\u0142owie kwietnia. Zawody okr\u0119gowe wygra\u0142 <strong>Mateusz Orlea\u0144ski<\/strong>, ucze\u0144 III LO we Wroc\u0142awiu, kt\u00f3ry wyprzedzi\u0142 <strong>Jakuba \u015amierciaka<\/strong> z III LO w Opolu oraz <strong>Nikosa Czuczosa<\/strong> z IX LO we Wroc\u0142awiu.<\/p>\n<p>Przy okazji startu w tej presti\u017cowej imprezie nasi liceali\u015bci zdobyli nowe do\u015bwiadczenia, nawi\u0105zali kontakty z r\u00f3wie\u015bnikami z wiod\u0105cych szk\u00f3\u0142 \u015brednich Dolnego \u015al\u0105ska i Opolszczyzny, a tak\u017ce promowali nasze lokalne \u015brodowisko na szerszym forum. Nale\u017cy im si\u0119 wiele ciep\u0142ych s\u0142\u00f3w pochwa\u0142y za zaanga\u017cowanie i w\u0142o\u017cony trud podczas przygotowa\u0144, kt\u00f3re zacz\u0119\u0142y si\u0119 ju\u017c we wrze\u015bniu ub. roku. Ju\u017c za kilka miesi\u0119cy, na prze\u0142omie maja i czerwca br. pojawi\u0105 nowe tematy prac badawczych rozpoczynaj\u0105ce kolejn\u0105 edycj\u0119 Olimpiady Geograficznej. Nale\u017cy mie\u0107 nadziej\u0119, \u017ce i tym razem w naszym liceum znajd\u0105 si\u0119 ch\u0119tni uczniowie, aby pod opiek\u0105 nauczyciela geografii zmierzy\u0107 si\u0119 z geograficznymi wyzwaniami.<\/p>\nngg_shortcode_0_placeholder\n","protected":false},"excerpt":{"rendered":"<p>W drugi weekend lutego br. w I LO im. Stefana \u017beromskiego w Jeleniej G\u00f3rze odby\u0142 si\u0119 fina\u0142 okr\u0119gowy jubileuszowej 50 <a href=\"http:\/\/zs.wolczyn.pl\/lo\/l-olimpiada-geograficzna-w-jeleniej-gorze\/\" class=\"read-more\">Czytaj dalej &#8230;<\/a><\/p>\n","protected":false},"author":1,"featured_media":6976,"comment_status":"closed","ping_status":"closed","sticky":false,"template":"","format":"standard","meta":{"ngg_post_thumbnail":0,"footnotes":""},"categories":[17],"tags":[],"class_list":["post-6954","post","type-post","status-publish","format-standard","has-post-thumbnail","hentry","category-z-zycia-szkoly"],"_links":{"self":[{"href":"http:\/\/zs.wolczyn.pl\/lo\/wp-json\/wp\/v2\/posts\/6954"}],"collection":[{"href":"http:\/\/zs.wolczyn.pl\/lo\/wp-json\/wp\/v2\/posts"}],"about":[{"href":"http:\/\/zs.wolczyn.pl\/lo\/wp-json\/wp\/v2\/types\/post"}],"author":[{"embeddable":true,"href":"http:\/\/zs.wolczyn.pl\/lo\/wp-json\/wp\/v2\/users\/1"}],"replies":[{"embeddable":true,"href":"http:\/\/zs.wolczyn.pl\/lo\/wp-json\/wp\/v2\/comments?post=6954"}],"version-history":[{"count":4,"href":"http:\/\/zs.wolczyn.pl\/lo\/wp-json\/wp\/v2\/posts\/6954\/revisions"}],"predecessor-version":[{"id":7008,"href":"http:\/\/zs.wolczyn.pl\/lo\/wp-json\/wp\/v2\/posts\/6954\/revisions\/7008"}],"wp:featuredmedia":[{"embeddable":true,"href":"http:\/\/zs.wolczyn.pl\/lo\/wp-json\/wp\/v2\/media\/6976"}],"wp:attachment":[{"href":"http:\/\/zs.wolczyn.pl\/lo\/wp-json\/wp\/v2\/media?parent=6954"}],"wp:term":[{"taxonomy":"category","embeddable":true,"href":"http:\/\/zs.wolczyn.pl\/lo\/wp-json\/wp\/v2\/categories?post=6954"},{"taxonomy":"post_tag","embeddable":true,"href":"http:\/\/zs.wolczyn.pl\/lo\/wp-json\/wp\/v2\/tags?post=6954"}],"curies":[{"name":"wp","href":"https:\/\/api.w.org\/{rel}","templated":true}]}}