{"id":6979,"date":"2024-03-18T09:16:50","date_gmt":"2024-03-18T08:16:50","guid":{"rendered":"http:\/\/zs.wolczyn.pl\/lo\/?p=6979"},"modified":"2024-04-19T09:04:20","modified_gmt":"2024-04-19T07:04:20","slug":"ogolnopolski-turniej-wiedzy-pozarniczej","status":"publish","type":"post","link":"http:\/\/zs.wolczyn.pl\/lo\/ogolnopolski-turniej-wiedzy-pozarniczej\/","title":{"rendered":"Og\u00f3lnopolski Turniej Wiedzy Po\u017carniczej"},"content":{"rendered":"<p>W dniu dzisiejszym uczniowie naszej szko\u0142y wzi\u0119li udzia\u0142 w Og\u00f3lnopolskim Turnieju Wiedzy Po\u017carniczej \u201eM\u0142odzie\u017c Zapobiega Po\u017carom\u201d, <!--more-->kt\u00f3ry sk\u0142ada\u0142 si\u0119 z dw\u00f3ch etap\u00f3w. Pierwszy etap by\u0142 pisemny, a drugi ustny i tylko osoby z najwi\u0119ksz\u0105 ilo\u015bci\u0105 punkt\u00f3w mog\u0142y do niego przyst\u0105pi\u0107. Uczestnicy mogli zobaczy\u0107 w\u00f3z stra\u017cacki i ca\u0142e jego wyposa\u017cenie.&nbsp;<\/p>\n<p>W eliminacjach powiatowych reprezentowa\u0107 nas b\u0119dzie:&nbsp;<\/p>\n<p>w kategorii klas 5-8:<\/p>\n<p>Dominik Ogrodowiak &#8211; I miejsce<\/p>\n<p>Tymoteusz \u015apiewak &#8211; III miejsce&nbsp;<\/p>\n<p>w kategorii klas licealnych:<\/p>\n<p>Wiktoria Sroka &#8211; I miejsce&nbsp;<\/p>\n<p>Szymon Zaczyk &#8211; II miejsce&nbsp;<\/p>\n<p>Fabian Sowieja &#8211; III miejsce&nbsp;<\/p>\n<p>&nbsp;<\/p>\n<p>Gratulujemy!<\/p>\nngg_shortcode_0_placeholder\n","protected":false},"excerpt":{"rendered":"<p>W dniu dzisiejszym uczniowie naszej szko\u0142y wzi\u0119li udzia\u0142 w Og\u00f3lnopolskim Turnieju Wiedzy Po\u017carniczej \u201eM\u0142odzie\u017c Zapobiega Po\u017carom\u201d,<\/p>\n","protected":false},"author":1,"featured_media":6997,"comment_status":"closed","ping_status":"closed","sticky":false,"template":"","format":"standard","meta":{"ngg_post_thumbnail":0,"footnotes":""},"categories":[17],"tags":[],"class_list":["post-6979","post","type-post","status-publish","format-standard","has-post-thumbnail","hentry","category-z-zycia-szkoly"],"_links":{"self":[{"href":"http:\/\/zs.wolczyn.pl\/lo\/wp-json\/wp\/v2\/posts\/6979"}],"collection":[{"href":"http:\/\/zs.wolczyn.pl\/lo\/wp-json\/wp\/v2\/posts"}],"about":[{"href":"http:\/\/zs.wolczyn.pl\/lo\/wp-json\/wp\/v2\/types\/post"}],"author":[{"embeddable":true,"href":"http:\/\/zs.wolczyn.pl\/lo\/wp-json\/wp\/v2\/users\/1"}],"replies":[{"embeddable":true,"href":"http:\/\/zs.wolczyn.pl\/lo\/wp-json\/wp\/v2\/comments?post=6979"}],"version-history":[{"count":5,"href":"http:\/\/zs.wolczyn.pl\/lo\/wp-json\/wp\/v2\/posts\/6979\/revisions"}],"predecessor-version":[{"id":7174,"href":"http:\/\/zs.wolczyn.pl\/lo\/wp-json\/wp\/v2\/posts\/6979\/revisions\/7174"}],"wp:featuredmedia":[{"embeddable":true,"href":"http:\/\/zs.wolczyn.pl\/lo\/wp-json\/wp\/v2\/media\/6997"}],"wp:attachment":[{"href":"http:\/\/zs.wolczyn.pl\/lo\/wp-json\/wp\/v2\/media?parent=6979"}],"wp:term":[{"taxonomy":"category","embeddable":true,"href":"http:\/\/zs.wolczyn.pl\/lo\/wp-json\/wp\/v2\/categories?post=6979"},{"taxonomy":"post_tag","embeddable":true,"href":"http:\/\/zs.wolczyn.pl\/lo\/wp-json\/wp\/v2\/tags?post=6979"}],"curies":[{"name":"wp","href":"https:\/\/api.w.org\/{rel}","templated":true}]}}