{"id":7076,"date":"2024-04-09T10:52:08","date_gmt":"2024-04-09T08:52:08","guid":{"rendered":"http:\/\/zs.wolczyn.pl\/lo\/?p=7076"},"modified":"2024-04-09T12:34:26","modified_gmt":"2024-04-09T10:34:26","slug":"zajecia-wyjazdowe-kola-astronomicznego","status":"publish","type":"post","link":"http:\/\/zs.wolczyn.pl\/lo\/zajecia-wyjazdowe-kola-astronomicznego\/","title":{"rendered":"Zaj\u0119cia wyjazdowe Ko\u0142a Astronomicznego"},"content":{"rendered":"<p>Wieczorem, 5 kwietnia 2024r., jako uczniowie Ko\u0142a Astronomicznego Liceum Og\u00f3lnokszta\u0142c\u0105cego w Wo\u0142czynie mieli\u015bmy okazj\u0119 bra\u0107 udzia\u0142<!--more--> w interesuj\u0105cym wydarzeniu. Wybrali\u015bmy si\u0119 do Instytutu Astronomii Uniwersytetu Wroc\u0142awskiego, kt\u00f3ry ju\u017c od lat prowadzi otwarte wyk\u0142ady popularnonaukowe w wybrane pi\u0105tki od pa\u017adziernika do czerwca.<br \/>\nW ten pi\u0105tek dr Aaron Peat odkry\u0142 przed nami mo\u017cliwe i niemo\u017cliwe przysz\u0142o\u015bci, jakie czekaj\u0105 nasz\u0105 gwiazd\u0119 macierzyst\u0105. Dowiedzieli\u015bmy si\u0119, co wydarzy\u0142oby si\u0119 na Ziemi, gdyby sta\u0142o si\u0119 co\u015b tak nieprawdopodobnego, jak nag\u0142e znikni\u0119cie S\u0142o\u0144ca albo gdyby S\u0142o\u0144ce sta\u0142o si\u0119 czarn\u0105 dziur\u0105, czy gdyby wybuch\u0142o jako supernowa. Dowiedzieli\u015bmy si\u0119 r\u00f3wnie\u017c tego, co najprawdopodobniej wydarzy si\u0119 za miliardy lat, gdy nasza gwiazda zamieni si\u0119 w czerwonego olbrzyma. Dodatkow\u0105 atrakcj\u0119 stanowi\u0142 fakt, \u017ce cho\u0107 na slajdach prezentacji pojawi\u0142 si\u0119 j\u0119zyk polski, wyk\u0142ad prowadzony by\u0142 w j\u0119zyku angielskim.<br \/>\nNiestety ze wzgl\u0119du na pogod\u0119 nie odby\u0142a si\u0119 druga cz\u0119\u015b\u0107 wyk\u0142adu, czyli obserwacja nocnego nieba. Mimo to wracali\u015bmy zadowoleni i z pewno\u015bci\u0105, gdy trafi si\u0119 kolejny interesuj\u0105cy nas temat, powt\u00f3rzymy taki wyjazd.<\/p>\nngg_shortcode_0_placeholder\n","protected":false},"excerpt":{"rendered":"<p>Wieczorem, 5 kwietnia 2024r., jako uczniowie Ko\u0142a Astronomicznego Liceum Og\u00f3lnokszta\u0142c\u0105cego w Wo\u0142czynie mieli\u015bmy okazj\u0119 bra\u0107 udzia\u0142<\/p>\n","protected":false},"author":1,"featured_media":7088,"comment_status":"closed","ping_status":"closed","sticky":false,"template":"","format":"standard","meta":{"ngg_post_thumbnail":0,"footnotes":""},"categories":[17],"tags":[],"class_list":["post-7076","post","type-post","status-publish","format-standard","has-post-thumbnail","hentry","category-z-zycia-szkoly"],"_links":{"self":[{"href":"http:\/\/zs.wolczyn.pl\/lo\/wp-json\/wp\/v2\/posts\/7076"}],"collection":[{"href":"http:\/\/zs.wolczyn.pl\/lo\/wp-json\/wp\/v2\/posts"}],"about":[{"href":"http:\/\/zs.wolczyn.pl\/lo\/wp-json\/wp\/v2\/types\/post"}],"author":[{"embeddable":true,"href":"http:\/\/zs.wolczyn.pl\/lo\/wp-json\/wp\/v2\/users\/1"}],"replies":[{"embeddable":true,"href":"http:\/\/zs.wolczyn.pl\/lo\/wp-json\/wp\/v2\/comments?post=7076"}],"version-history":[{"count":4,"href":"http:\/\/zs.wolczyn.pl\/lo\/wp-json\/wp\/v2\/posts\/7076\/revisions"}],"predecessor-version":[{"id":7135,"href":"http:\/\/zs.wolczyn.pl\/lo\/wp-json\/wp\/v2\/posts\/7076\/revisions\/7135"}],"wp:featuredmedia":[{"embeddable":true,"href":"http:\/\/zs.wolczyn.pl\/lo\/wp-json\/wp\/v2\/media\/7088"}],"wp:attachment":[{"href":"http:\/\/zs.wolczyn.pl\/lo\/wp-json\/wp\/v2\/media?parent=7076"}],"wp:term":[{"taxonomy":"category","embeddable":true,"href":"http:\/\/zs.wolczyn.pl\/lo\/wp-json\/wp\/v2\/categories?post=7076"},{"taxonomy":"post_tag","embeddable":true,"href":"http:\/\/zs.wolczyn.pl\/lo\/wp-json\/wp\/v2\/tags?post=7076"}],"curies":[{"name":"wp","href":"https:\/\/api.w.org\/{rel}","templated":true}]}}