{"id":7137,"date":"2024-04-10T08:29:34","date_gmt":"2024-04-10T06:29:34","guid":{"rendered":"http:\/\/zs.wolczyn.pl\/lo\/?p=7137"},"modified":"2024-04-10T08:30:39","modified_gmt":"2024-04-10T06:30:39","slug":"inspirujace-spotkanie-uczniow-klasy-4lo","status":"publish","type":"post","link":"http:\/\/zs.wolczyn.pl\/lo\/inspirujace-spotkanie-uczniow-klasy-4lo\/","title":{"rendered":"Inspiruj\u0105ce spotkanie uczni\u00f3w klasy 4LO"},"content":{"rendered":"<p>W pi\u0105tek 5 kwietnia, klasa maturalna naszego liceum, w ramach warsztat\u00f3w dotycz\u0105cych motywacji, mia\u0142a okazj\u0119 spotka\u0107 si\u0119 z Sylwi\u0105 Nasiadko, kt\u00f3ra jest <!--more-->idealnym przyk\u0142adem na to, \u017ce je\u017celi ma si\u0119 motywacj\u0119, to mo\u017cna osi\u0105gn\u0105\u0107 wiele. Sylwia pochodzi z Wo\u0142czyna, ale na co dzie\u0144 mieszka w Nowym Yorku, gdzie pracuje w jednym z najpopularniejszych na \u015bwiecie dom\u00f3w mody &#8211; Calvin Klein.<\/p>\n<p>Jej przygoda zacz\u0119\u0142a si\u0119 od studi\u00f3w dziennikarskich na Uniwersytecie Warszawskim, gdzie jeszcze podczas ich trwania pracowa\u0142a w mediach takich jak Polskie Radio, TV Polonia czy Radio Tok FM. Sylwia od razu po studiach wyjecha\u0142a do Stan\u00f3w i rozpocz\u0119\u0142a praktyki w telewizji ABC i jednocze\u015bnie pracowa\u0142a w nowojorskim wydaniu polskiego Super Expressu, gdzie mia\u0142a mo\u017cliwo\u015b\u0107 przeprowadza\u0107 wywiady z polskimi gwiazdami sceny muzycznej, politycznej i filmowej. Mi\u0119dzy innymi uda\u0142o jej si\u0119 porozmawia\u0107 z takimi osobami jak: Maryla Rodowicz, Jerzy Stuhr, Kora Jackowska, Ania Przybylska, zespo\u0142y: Perfect, Lady Pank, De Mono, \u0141zy. Przeprowadzi\u0142a te\u017c wywiad z prezydentami: Lechem Wa\u0142\u0119s\u0105, Aleksandrem Kwa\u015bniewskim, Lechem Kaczy\u0144skim oraz wieloma innymi osobami. Nast\u0119pnie pracowa\u0142a w AOL Studios, gdzie by\u0142a producentk\u0105 wielu program\u00f3w i te\u017c wsp\u00f3\u0142pracowa\u0142a z ameryka\u0144skimi gwiazdami takimi jak Jennifer Lopez, Morgan Freeman, Justin Bieber, Jay Z i wielu innych.<\/p>\n<p>Aktualnie jest managerem postprodukcji w Calvin Klein Global, gdzie pracuje nad kampaniami reklamowymi. Jej praca skupia si\u0119 na tym, co dzieje si\u0119 od momentu uko\u0144czenia zdj\u0119\u0107 na planie do wypuszczenia reklamy na rynek. W przypadku jednej kampanii reklamowej praca ta mo\u017ce trwa\u0107 a\u017c do 4 miesi\u0119cy, po to, aby zobaczy\u0107 30-sekundow\u0105 reklam\u0119.<\/p>\n<p>Podczas spotkania Sylwia opowiedzia\u0142a swoj\u0105 histori\u0119 i powiedzia\u0142a, \u017ce to sk\u0105d si\u0119 pochodzi, wcale nie ma znaczenia, a ona sama jest dumna z tego, \u017ce pochodzi z Wo\u0142czyna. Uczniowie bardzo pozytywnie odebrali Sylwi\u0119 i spotkanie:<br \/>\n<em>Spotkanie z Pani\u0105 Sylwi\u0105 da\u0142o mi now\u0105 perspektyw\u0119 na reklamy, kt\u00f3re ogl\u0105dam na co dzie\u0144. Ca\u0142y proces tworzenia i kulisy materia\u0142u trwaj\u0105cego 2 lub 3 minuty nagle okaza\u0142 si\u0119 by\u0107 efektem pracy wielu os\u00f3b i po\u015bwi\u0119cenia du\u017cej ilo\u015bci czasu. Mi\u0142o by\u0142o s\u0142ysze\u0107 od kogo\u015b &#8222;st\u0105d&#8221; historie z wielkiego \u015bwiata kamer, wywiad\u00f3w i celebryt\u00f3w. To spotkanie bardzo mnie zainspirowa\u0142o do dalszego rozwijania swoich pasji<\/em> &#8211; skomentowa\u0142 jeden z uczni\u00f3w.<br \/>\nM.K.<\/p>\n","protected":false},"excerpt":{"rendered":"<p>W pi\u0105tek 5 kwietnia, klasa maturalna naszego liceum, w ramach warsztat\u00f3w dotycz\u0105cych motywacji, mia\u0142a okazj\u0119 spotka\u0107 si\u0119 z Sylwi\u0105 Nasiadko, <a href=\"http:\/\/zs.wolczyn.pl\/lo\/inspirujace-spotkanie-uczniow-klasy-4lo\/\" class=\"read-more\">Czytaj dalej &#8230;<\/a><\/p>\n","protected":false},"author":1,"featured_media":7138,"comment_status":"closed","ping_status":"closed","sticky":false,"template":"","format":"standard","meta":{"ngg_post_thumbnail":0,"footnotes":""},"categories":[17],"tags":[],"class_list":["post-7137","post","type-post","status-publish","format-standard","has-post-thumbnail","hentry","category-z-zycia-szkoly"],"_links":{"self":[{"href":"http:\/\/zs.wolczyn.pl\/lo\/wp-json\/wp\/v2\/posts\/7137"}],"collection":[{"href":"http:\/\/zs.wolczyn.pl\/lo\/wp-json\/wp\/v2\/posts"}],"about":[{"href":"http:\/\/zs.wolczyn.pl\/lo\/wp-json\/wp\/v2\/types\/post"}],"author":[{"embeddable":true,"href":"http:\/\/zs.wolczyn.pl\/lo\/wp-json\/wp\/v2\/users\/1"}],"replies":[{"embeddable":true,"href":"http:\/\/zs.wolczyn.pl\/lo\/wp-json\/wp\/v2\/comments?post=7137"}],"version-history":[{"count":3,"href":"http:\/\/zs.wolczyn.pl\/lo\/wp-json\/wp\/v2\/posts\/7137\/revisions"}],"predecessor-version":[{"id":7141,"href":"http:\/\/zs.wolczyn.pl\/lo\/wp-json\/wp\/v2\/posts\/7137\/revisions\/7141"}],"wp:featuredmedia":[{"embeddable":true,"href":"http:\/\/zs.wolczyn.pl\/lo\/wp-json\/wp\/v2\/media\/7138"}],"wp:attachment":[{"href":"http:\/\/zs.wolczyn.pl\/lo\/wp-json\/wp\/v2\/media?parent=7137"}],"wp:term":[{"taxonomy":"category","embeddable":true,"href":"http:\/\/zs.wolczyn.pl\/lo\/wp-json\/wp\/v2\/categories?post=7137"},{"taxonomy":"post_tag","embeddable":true,"href":"http:\/\/zs.wolczyn.pl\/lo\/wp-json\/wp\/v2\/tags?post=7137"}],"curies":[{"name":"wp","href":"https:\/\/api.w.org\/{rel}","templated":true}]}}