{"id":7142,"date":"2024-04-10T08:45:31","date_gmt":"2024-04-10T06:45:31","guid":{"rendered":"http:\/\/zs.wolczyn.pl\/lo\/?p=7142"},"modified":"2024-04-10T08:48:39","modified_gmt":"2024-04-10T06:48:39","slug":"podsumowanie-projektu-filmowego","status":"publish","type":"post","link":"http:\/\/zs.wolczyn.pl\/lo\/podsumowanie-projektu-filmowego\/","title":{"rendered":"Podsumowanie projektu filmowego"},"content":{"rendered":"<p style=\"text-align: left;\">Tradycyjnie lektury obowi\u0105zkowe kojarzone s\u0105 przez uczni\u00f3w jako nu\u017c\u0105ce i wymagaj\u0105ce. Celem projektu filmowego by\u0142o przekszta\u0142cenie tej rutyny na co\u015b bardziej<!--more--> anga\u017cuj\u0105cego i inspiruj\u0105cego.<br \/>\nW poniedzia\u0142ek klasa III i IV liceum podsumowa\u0142a swoje dzia\u0142ania. Przygotowali\u015bmy ma\u0142y festiwal filmowy. Zadaniem grup by\u0142o wykonanie filmik\u00f3w zwi\u0105zanych z wybranymi lekturami obowi\u0105zkowymi oraz plakat\u00f3w. M\u0142odzi \u201etw\u00f3rcy\u201d wykazali si\u0119 pomys\u0142owo\u015bci\u0105, humorem i oryginalno\u015bci\u0105. Ka\u017cdy film mia\u0142 w sobie co\u015b szczeg\u00f3lnego. Oryginalny monta\u017c, \u015bwietnie dobrany podk\u0142ad d\u017awi\u0119kowy, operowanie symbolem, kadrem \u2013 to tylko niekt\u00f3re cechy wyr\u00f3\u017cniaj\u0105ce powsta\u0142e filmiki \u2013 skomentowa\u0142a zadanie Sylwia Nasiadko, kt\u00f3ra co jak co, ale o produkcji i postprodukcji wie bardzo du\u017co.<\/p>\n<p>Zach\u0119camy do przeczytania artyku\u0142u ze spotkania motywuj\u0105cego z Sylwi\u0105 Nasiadko &#8211; <a href=\"http:\/\/zs.wolczyn.pl\/lo\/inspirujace-spotkanie-uczniow-klasy-4lo\/\" target=\"_blank\" rel=\"noopener\">czytaj<\/a>.<\/p>\n<p style=\"text-align: left;\">Sylwia by\u0142a zaskoczona podej\u015bciem uczni\u00f3w do problematyki utwor\u00f3w i ukazania ich w kr\u00f3tkich formach.<br \/>\nOczywi\u015bcie by\u0142y pewne niedoci\u0105gni\u0119cia, ale c\u00f3\u017c. Przede wszystkim mamy nadziej\u0119, \u017ce zadanie rozbudzi\u0142o w uczniach pasje, udoskonali\u0142o techniki monta\u017cu oraz interpretacji tekst\u00f3w.<\/p>\n<p style=\"text-align: right;\">Bogumi\u0142a Niedzia\u0142ek-Jungowska<br \/>\nMiros\u0142aw Kelniarz<\/p>\n<p><a href=\"http:\/\/zs.wolczyn.pl\/lo\/wp-content\/uploads\/2024\/04\/03_IMG_20240408_132503940_HDR.jpg\" target=\"_blank\" rel=\"attachment noopener wp-att-7144\"><img fetchpriority=\"high\" decoding=\"async\" class=\"alignleft wp-image-7144 size-medium\" src=\"http:\/\/zs.wolczyn.pl\/lo\/wp-content\/uploads\/2024\/04\/03_IMG_20240408_132503940_HDR-225x300.jpg\" alt=\"\" width=\"225\" height=\"300\" srcset=\"http:\/\/zs.wolczyn.pl\/lo\/wp-content\/uploads\/2024\/04\/03_IMG_20240408_132503940_HDR-225x300.jpg 225w, http:\/\/zs.wolczyn.pl\/lo\/wp-content\/uploads\/2024\/04\/03_IMG_20240408_132503940_HDR-766x1024.jpg 766w, http:\/\/zs.wolczyn.pl\/lo\/wp-content\/uploads\/2024\/04\/03_IMG_20240408_132503940_HDR-768x1026.jpg 768w, http:\/\/zs.wolczyn.pl\/lo\/wp-content\/uploads\/2024\/04\/03_IMG_20240408_132503940_HDR-1150x1536.jpg 1150w, http:\/\/zs.wolczyn.pl\/lo\/wp-content\/uploads\/2024\/04\/03_IMG_20240408_132503940_HDR.jpg 1437w\" sizes=\"(max-width: 225px) 100vw, 225px\" \/><\/a> <a href=\"http:\/\/zs.wolczyn.pl\/lo\/wp-content\/uploads\/2024\/04\/04_PROJEKT-FILMOWY.jpg\" target=\"_blank\" rel=\"attachment noopener wp-att-7145\"><img decoding=\"async\" class=\"alignleft wp-image-7145 size-medium\" src=\"http:\/\/zs.wolczyn.pl\/lo\/wp-content\/uploads\/2024\/04\/04_PROJEKT-FILMOWY-200x300.jpg\" alt=\"\" width=\"200\" height=\"300\" srcset=\"http:\/\/zs.wolczyn.pl\/lo\/wp-content\/uploads\/2024\/04\/04_PROJEKT-FILMOWY-200x300.jpg 200w, http:\/\/zs.wolczyn.pl\/lo\/wp-content\/uploads\/2024\/04\/04_PROJEKT-FILMOWY-683x1024.jpg 683w, http:\/\/zs.wolczyn.pl\/lo\/wp-content\/uploads\/2024\/04\/04_PROJEKT-FILMOWY-768x1152.jpg 768w, http:\/\/zs.wolczyn.pl\/lo\/wp-content\/uploads\/2024\/04\/04_PROJEKT-FILMOWY-1024x1536.jpg 1024w, http:\/\/zs.wolczyn.pl\/lo\/wp-content\/uploads\/2024\/04\/04_PROJEKT-FILMOWY.jpg 1280w\" sizes=\"(max-width: 200px) 100vw, 200px\" \/><\/a><a href=\"http:\/\/zs.wolczyn.pl\/lo\/wp-content\/uploads\/2024\/04\/02_IMG_20240408_132342943_edited.jpg\" target=\"_blank\" rel=\"attachment noopener wp-att-7143\"><img decoding=\"async\" class=\"aligncenter wp-image-7143 size-medium\" src=\"http:\/\/zs.wolczyn.pl\/lo\/wp-content\/uploads\/2024\/04\/02_IMG_20240408_132342943_edited-300x225.jpg\" alt=\"\" width=\"300\" height=\"225\" srcset=\"http:\/\/zs.wolczyn.pl\/lo\/wp-content\/uploads\/2024\/04\/02_IMG_20240408_132342943_edited-300x225.jpg 300w, http:\/\/zs.wolczyn.pl\/lo\/wp-content\/uploads\/2024\/04\/02_IMG_20240408_132342943_edited-1024x766.jpg 1024w, http:\/\/zs.wolczyn.pl\/lo\/wp-content\/uploads\/2024\/04\/02_IMG_20240408_132342943_edited-768x575.jpg 768w, http:\/\/zs.wolczyn.pl\/lo\/wp-content\/uploads\/2024\/04\/02_IMG_20240408_132342943_edited-1536x1150.jpg 1536w, http:\/\/zs.wolczyn.pl\/lo\/wp-content\/uploads\/2024\/04\/02_IMG_20240408_132342943_edited.jpg 1920w\" sizes=\"(max-width: 300px) 100vw, 300px\" \/><\/a><\/p>\n","protected":false},"excerpt":{"rendered":"<p>Tradycyjnie lektury obowi\u0105zkowe kojarzone s\u0105 przez uczni\u00f3w jako nu\u017c\u0105ce i wymagaj\u0105ce. Celem projektu filmowego by\u0142o przekszta\u0142cenie tej rutyny na co\u015b <a href=\"http:\/\/zs.wolczyn.pl\/lo\/podsumowanie-projektu-filmowego\/\" class=\"read-more\">Czytaj dalej &#8230;<\/a><\/p>\n","protected":false},"author":1,"featured_media":7146,"comment_status":"closed","ping_status":"closed","sticky":false,"template":"","format":"standard","meta":{"ngg_post_thumbnail":0,"footnotes":""},"categories":[17],"tags":[],"class_list":["post-7142","post","type-post","status-publish","format-standard","has-post-thumbnail","hentry","category-z-zycia-szkoly"],"_links":{"self":[{"href":"http:\/\/zs.wolczyn.pl\/lo\/wp-json\/wp\/v2\/posts\/7142"}],"collection":[{"href":"http:\/\/zs.wolczyn.pl\/lo\/wp-json\/wp\/v2\/posts"}],"about":[{"href":"http:\/\/zs.wolczyn.pl\/lo\/wp-json\/wp\/v2\/types\/post"}],"author":[{"embeddable":true,"href":"http:\/\/zs.wolczyn.pl\/lo\/wp-json\/wp\/v2\/users\/1"}],"replies":[{"embeddable":true,"href":"http:\/\/zs.wolczyn.pl\/lo\/wp-json\/wp\/v2\/comments?post=7142"}],"version-history":[{"count":6,"href":"http:\/\/zs.wolczyn.pl\/lo\/wp-json\/wp\/v2\/posts\/7142\/revisions"}],"predecessor-version":[{"id":7149,"href":"http:\/\/zs.wolczyn.pl\/lo\/wp-json\/wp\/v2\/posts\/7142\/revisions\/7149"}],"wp:featuredmedia":[{"embeddable":true,"href":"http:\/\/zs.wolczyn.pl\/lo\/wp-json\/wp\/v2\/media\/7146"}],"wp:attachment":[{"href":"http:\/\/zs.wolczyn.pl\/lo\/wp-json\/wp\/v2\/media?parent=7142"}],"wp:term":[{"taxonomy":"category","embeddable":true,"href":"http:\/\/zs.wolczyn.pl\/lo\/wp-json\/wp\/v2\/categories?post=7142"},{"taxonomy":"post_tag","embeddable":true,"href":"http:\/\/zs.wolczyn.pl\/lo\/wp-json\/wp\/v2\/tags?post=7142"}],"curies":[{"name":"wp","href":"https:\/\/api.w.org\/{rel}","templated":true}]}}