{"id":7182,"date":"2024-04-19T09:58:39","date_gmt":"2024-04-19T07:58:39","guid":{"rendered":"http:\/\/zs.wolczyn.pl\/lo\/?p=7182"},"modified":"2024-04-19T10:00:27","modified_gmt":"2024-04-19T08:00:27","slug":"xxx-ogolnopolskie-mistrzostwa-pierwszej-pomocy-polskiego-czerwonego-krzyza","status":"publish","type":"post","link":"http:\/\/zs.wolczyn.pl\/lo\/xxx-ogolnopolskie-mistrzostwa-pierwszej-pomocy-polskiego-czerwonego-krzyza\/","title":{"rendered":"XXX Og\u00f3lnopolskie Mistrzostwa Pierwszej Pomocy Polskiego Czerwonego Krzy\u017ca"},"content":{"rendered":"<p>W czwartek 18 kwietnia uczniowie LO w Wo\u0142czynie uczestniczyli w etapie rejonowym XXX Og\u00f3lnopolskich Mistrzostw Pierwszej Pomocy <!--more-->Polskiego Czerwonego Krzy\u017ca, kt\u00f3re odbywa\u0142y si\u0119 w Zespole Szk\u00f3\u0142 w Dobrodzieniu. W zawodach bra\u0142y udzia\u0142 zespo\u0142y z siedmiu szk\u00f3\u0142 ponadpodstawowych powiat\u00f3w kluczborskiego i oleskiego. Nasz zesp\u00f3\u0142 w sk\u0142adzie: Jakub Winkowski \u2013 kapitan, Hanna \u0141ab\u0119dzka, Paulina Siry, Wiktoria Sroka oraz Szymon Zaczyk pod kierunkiem nauczyciela edukacji dla bezpiecze\u0144stwa Krzysztofa Staszewskiego zaj\u0105\u0142 czwarte miejsce.<\/p>\nngg_shortcode_0_placeholder\n","protected":false},"excerpt":{"rendered":"<p>W czwartek 18 kwietnia uczniowie LO w Wo\u0142czynie uczestniczyli w etapie rejonowym XXX Og\u00f3lnopolskich Mistrzostw Pierwszej Pomocy<\/p>\n","protected":false},"author":1,"featured_media":7191,"comment_status":"closed","ping_status":"closed","sticky":false,"template":"","format":"standard","meta":{"ngg_post_thumbnail":0,"footnotes":""},"categories":[17],"tags":[],"class_list":["post-7182","post","type-post","status-publish","format-standard","has-post-thumbnail","hentry","category-z-zycia-szkoly"],"_links":{"self":[{"href":"http:\/\/zs.wolczyn.pl\/lo\/wp-json\/wp\/v2\/posts\/7182"}],"collection":[{"href":"http:\/\/zs.wolczyn.pl\/lo\/wp-json\/wp\/v2\/posts"}],"about":[{"href":"http:\/\/zs.wolczyn.pl\/lo\/wp-json\/wp\/v2\/types\/post"}],"author":[{"embeddable":true,"href":"http:\/\/zs.wolczyn.pl\/lo\/wp-json\/wp\/v2\/users\/1"}],"replies":[{"embeddable":true,"href":"http:\/\/zs.wolczyn.pl\/lo\/wp-json\/wp\/v2\/comments?post=7182"}],"version-history":[{"count":2,"href":"http:\/\/zs.wolczyn.pl\/lo\/wp-json\/wp\/v2\/posts\/7182\/revisions"}],"predecessor-version":[{"id":7195,"href":"http:\/\/zs.wolczyn.pl\/lo\/wp-json\/wp\/v2\/posts\/7182\/revisions\/7195"}],"wp:featuredmedia":[{"embeddable":true,"href":"http:\/\/zs.wolczyn.pl\/lo\/wp-json\/wp\/v2\/media\/7191"}],"wp:attachment":[{"href":"http:\/\/zs.wolczyn.pl\/lo\/wp-json\/wp\/v2\/media?parent=7182"}],"wp:term":[{"taxonomy":"category","embeddable":true,"href":"http:\/\/zs.wolczyn.pl\/lo\/wp-json\/wp\/v2\/categories?post=7182"},{"taxonomy":"post_tag","embeddable":true,"href":"http:\/\/zs.wolczyn.pl\/lo\/wp-json\/wp\/v2\/tags?post=7182"}],"curies":[{"name":"wp","href":"https:\/\/api.w.org\/{rel}","templated":true}]}}