{"id":7197,"date":"2024-04-22T08:40:27","date_gmt":"2024-04-22T06:40:27","guid":{"rendered":"http:\/\/zs.wolczyn.pl\/lo\/?p=7197"},"modified":"2024-04-22T08:40:30","modified_gmt":"2024-04-22T06:40:30","slug":"xxx-konkurs-recytatorski-w-jezyku-niemieckim","status":"publish","type":"post","link":"http:\/\/zs.wolczyn.pl\/lo\/xxx-konkurs-recytatorski-w-jezyku-niemieckim\/","title":{"rendered":"XXX Konkurs Recytatorski w j\u0119zyku niemieckim"},"content":{"rendered":"<p>11 kwietnia w Ole\u015bnie odby\u0142y si\u0119 eliminacje rejonowe XXX Konkursu Recytatorskiego w j\u0119zyku niemieckim &#8222;M\u0142odzie\u017c recytuje poezj\u0119&#8221; \/ &#8222;Jugend tr\u00e4gt Gedichte vor&#8221;. <!--more-->Nasze liceum reprezentowa\u0142o dw\u00f3ch uczni\u00f3w, kt\u00f3rzy zostali wy\u0142onieni na szczeblu gminnym:<br \/>\nMaja Pajor oraz Miko\u0142aj Mazurek<\/p>\n<p>BRAWO DLA NASZYCH LICEALIST\u00d3W!!!<\/p>\n<p><a href=\"http:\/\/zs.wolczyn.pl\/lo\/xxx-konkurs-recytatorski-w-jezyku-niemieckim\/img-20240416-wa0002\/\" target=\"_blank\" rel=\"attachment noopener wp-att-7198\"><img fetchpriority=\"high\" decoding=\"async\" class=\"alignleft wp-image-7198 size-medium\" src=\"http:\/\/zs.wolczyn.pl\/lo\/wp-content\/uploads\/2024\/04\/IMG-20240416-WA0002-225x300.jpg\" alt=\"\" width=\"225\" height=\"300\" srcset=\"http:\/\/zs.wolczyn.pl\/lo\/wp-content\/uploads\/2024\/04\/IMG-20240416-WA0002-225x300.jpg 225w, http:\/\/zs.wolczyn.pl\/lo\/wp-content\/uploads\/2024\/04\/IMG-20240416-WA0002-768x1024.jpg 768w, http:\/\/zs.wolczyn.pl\/lo\/wp-content\/uploads\/2024\/04\/IMG-20240416-WA0002-1152x1536.jpg 1152w, http:\/\/zs.wolczyn.pl\/lo\/wp-content\/uploads\/2024\/04\/IMG-20240416-WA0002.jpg 1200w\" sizes=\"(max-width: 225px) 100vw, 225px\" \/><\/a> <a href=\"http:\/\/zs.wolczyn.pl\/lo\/xxx-konkurs-recytatorski-w-jezyku-niemieckim\/img-20240418-wa0000\/\" target=\"_blank\" rel=\"attachment noopener wp-att-7199\"><img decoding=\"async\" class=\"alignleft wp-image-7199 size-medium\" src=\"http:\/\/zs.wolczyn.pl\/lo\/wp-content\/uploads\/2024\/04\/IMG-20240418-WA0000-225x300.jpg\" alt=\"\" width=\"225\" height=\"300\" srcset=\"http:\/\/zs.wolczyn.pl\/lo\/wp-content\/uploads\/2024\/04\/IMG-20240418-WA0000-225x300.jpg 225w, http:\/\/zs.wolczyn.pl\/lo\/wp-content\/uploads\/2024\/04\/IMG-20240418-WA0000-768x1024.jpg 768w, http:\/\/zs.wolczyn.pl\/lo\/wp-content\/uploads\/2024\/04\/IMG-20240418-WA0000-1152x1536.jpg 1152w, http:\/\/zs.wolczyn.pl\/lo\/wp-content\/uploads\/2024\/04\/IMG-20240418-WA0000.jpg 1200w\" sizes=\"(max-width: 225px) 100vw, 225px\" \/><\/a>Gratulujemy najbardziej Miko\u0142ajowi, kt\u00f3ry zdoby\u0142 3 miejsce w eliminacjach rejonowych i b\u0119dzie reprezentowa\u0107 nasz\u0105 szko\u0142\u0119 w Finale Konkursu Recytatorskiego, kt\u00f3ry odb\u0119dzie si\u0119 11 czerwca w Teatrze Lalki i Aktora w Opolu.<\/p>\n<p>BRAWO i \u017cyczymy dalszych sukces\u00f3w!!!<\/p>\n","protected":false},"excerpt":{"rendered":"<p>11 kwietnia w Ole\u015bnie odby\u0142y si\u0119 eliminacje rejonowe XXX Konkursu Recytatorskiego w j\u0119zyku niemieckim &#8222;M\u0142odzie\u017c recytuje poezj\u0119&#8221; \/ &#8222;Jugend tr\u00e4gt <a href=\"http:\/\/zs.wolczyn.pl\/lo\/xxx-konkurs-recytatorski-w-jezyku-niemieckim\/\" class=\"read-more\">Czytaj dalej &#8230;<\/a><\/p>\n","protected":false},"author":1,"featured_media":7200,"comment_status":"closed","ping_status":"closed","sticky":false,"template":"","format":"standard","meta":{"ngg_post_thumbnail":0,"footnotes":""},"categories":[17],"tags":[],"class_list":["post-7197","post","type-post","status-publish","format-standard","has-post-thumbnail","hentry","category-z-zycia-szkoly"],"_links":{"self":[{"href":"http:\/\/zs.wolczyn.pl\/lo\/wp-json\/wp\/v2\/posts\/7197"}],"collection":[{"href":"http:\/\/zs.wolczyn.pl\/lo\/wp-json\/wp\/v2\/posts"}],"about":[{"href":"http:\/\/zs.wolczyn.pl\/lo\/wp-json\/wp\/v2\/types\/post"}],"author":[{"embeddable":true,"href":"http:\/\/zs.wolczyn.pl\/lo\/wp-json\/wp\/v2\/users\/1"}],"replies":[{"embeddable":true,"href":"http:\/\/zs.wolczyn.pl\/lo\/wp-json\/wp\/v2\/comments?post=7197"}],"version-history":[{"count":3,"href":"http:\/\/zs.wolczyn.pl\/lo\/wp-json\/wp\/v2\/posts\/7197\/revisions"}],"predecessor-version":[{"id":7203,"href":"http:\/\/zs.wolczyn.pl\/lo\/wp-json\/wp\/v2\/posts\/7197\/revisions\/7203"}],"wp:featuredmedia":[{"embeddable":true,"href":"http:\/\/zs.wolczyn.pl\/lo\/wp-json\/wp\/v2\/media\/7200"}],"wp:attachment":[{"href":"http:\/\/zs.wolczyn.pl\/lo\/wp-json\/wp\/v2\/media?parent=7197"}],"wp:term":[{"taxonomy":"category","embeddable":true,"href":"http:\/\/zs.wolczyn.pl\/lo\/wp-json\/wp\/v2\/categories?post=7197"},{"taxonomy":"post_tag","embeddable":true,"href":"http:\/\/zs.wolczyn.pl\/lo\/wp-json\/wp\/v2\/tags?post=7197"}],"curies":[{"name":"wp","href":"https:\/\/api.w.org\/{rel}","templated":true}]}}