{"id":7547,"date":"2024-09-18T12:50:40","date_gmt":"2024-09-18T10:50:40","guid":{"rendered":"http:\/\/zs.wolczyn.pl\/lo\/?p=7547"},"modified":"2024-09-18T12:50:52","modified_gmt":"2024-09-18T10:50:52","slug":"85-rocznica-agresji-sowieckiej-na-polske","status":"publish","type":"post","link":"http:\/\/zs.wolczyn.pl\/lo\/85-rocznica-agresji-sowieckiej-na-polske\/","title":{"rendered":"85 rocznica agresji sowieckiej na Polsk\u0119"},"content":{"rendered":"<p>17 wrze\u015bnia pod pomnikiem w Wo\u0142czynie, kt\u00f3ry upami\u0119tnia Polak\u00f3w poleg\u0142ych na frontach II wojny \u015bwiatowej<!--more--> i pomordowanych z rozkazu w\u0142adz sowieckich, uczniowie Zespo\u0142u Szk\u00f3\u0142 z nauczycielami historii pani\u0105 Katarzyn\u0105 Mierzwiak i panem Henrykiem Welcem przygotowali apel po\u015bwi\u0119cony 85. rocznicy napa\u015bci na Polsk\u0119 przez Zwi\u0105zek Radziecki.<br \/>\nUroczysto\u015b\u0107 poprowadzili Maja Pajor z IILO i Kacper Bojko z IIIA LO. Przypomnieli oni najwa\u017cniejsze fakty historyczne dotycz\u0105ce dzia\u0142a\u0144 wojennych i obrony naszej ojczyzny. Wzruszaj\u0105cym momentem by\u0142o wys\u0142uchanie wspomnie\u0144 \u015bwiadk\u00f3w sowieckiej agresji.<br \/>\nPod pomnikiem z\u0142o\u017cono wi\u0105zank\u0119 kwiat\u00f3w i zapalono znicz. Pani dyrektor Ewa W\u0142os w przem\u00f3wieniu podkre\u015bli\u0142a, \u017ce uroczysto\u015b\u0107 z 1 wrze\u015bnia i dzisiejsza zainicjowa\u0142y proces poznawania patrona Liceum Og\u00f3lnokszta\u0142c\u0105cego, czyli Szarych Szereg\u00f3w, kt\u00f3re powsta\u0142y w\u0142a\u015bnie w pierwszych dniach wojny.<\/p>\nngg_shortcode_0_placeholder\n","protected":false},"excerpt":{"rendered":"<p>17 wrze\u015bnia pod pomnikiem w Wo\u0142czynie, kt\u00f3ry upami\u0119tnia Polak\u00f3w poleg\u0142ych na frontach II wojny \u015bwiatowej<\/p>\n","protected":false},"author":1,"featured_media":7584,"comment_status":"closed","ping_status":"closed","sticky":false,"template":"","format":"standard","meta":{"ngg_post_thumbnail":0,"footnotes":""},"categories":[17],"tags":[],"class_list":["post-7547","post","type-post","status-publish","format-standard","has-post-thumbnail","hentry","category-z-zycia-szkoly"],"_links":{"self":[{"href":"http:\/\/zs.wolczyn.pl\/lo\/wp-json\/wp\/v2\/posts\/7547"}],"collection":[{"href":"http:\/\/zs.wolczyn.pl\/lo\/wp-json\/wp\/v2\/posts"}],"about":[{"href":"http:\/\/zs.wolczyn.pl\/lo\/wp-json\/wp\/v2\/types\/post"}],"author":[{"embeddable":true,"href":"http:\/\/zs.wolczyn.pl\/lo\/wp-json\/wp\/v2\/users\/1"}],"replies":[{"embeddable":true,"href":"http:\/\/zs.wolczyn.pl\/lo\/wp-json\/wp\/v2\/comments?post=7547"}],"version-history":[{"count":2,"href":"http:\/\/zs.wolczyn.pl\/lo\/wp-json\/wp\/v2\/posts\/7547\/revisions"}],"predecessor-version":[{"id":7586,"href":"http:\/\/zs.wolczyn.pl\/lo\/wp-json\/wp\/v2\/posts\/7547\/revisions\/7586"}],"wp:featuredmedia":[{"embeddable":true,"href":"http:\/\/zs.wolczyn.pl\/lo\/wp-json\/wp\/v2\/media\/7584"}],"wp:attachment":[{"href":"http:\/\/zs.wolczyn.pl\/lo\/wp-json\/wp\/v2\/media?parent=7547"}],"wp:term":[{"taxonomy":"category","embeddable":true,"href":"http:\/\/zs.wolczyn.pl\/lo\/wp-json\/wp\/v2\/categories?post=7547"},{"taxonomy":"post_tag","embeddable":true,"href":"http:\/\/zs.wolczyn.pl\/lo\/wp-json\/wp\/v2\/tags?post=7547"}],"curies":[{"name":"wp","href":"https:\/\/api.w.org\/{rel}","templated":true}]}}