{"id":7588,"date":"2024-09-24T07:24:23","date_gmt":"2024-09-24T05:24:23","guid":{"rendered":"http:\/\/zs.wolczyn.pl\/lo\/?p=7588"},"modified":"2024-09-24T07:25:52","modified_gmt":"2024-09-24T05:25:52","slug":"ix-kongres-mlodych-matematykow","status":"publish","type":"post","link":"http:\/\/zs.wolczyn.pl\/lo\/ix-kongres-mlodych-matematykow\/","title":{"rendered":"IX Kongres M\u0142odych Matematyk\u00f3w"},"content":{"rendered":"<p>W dniach od 10 do 13 wrze\u015bnia odby\u0142 si\u0119 IX Kongres M\u0142odych Matematyk\u00f3w we Wroc\u0142awiu, <!--more-->w kt\u00f3rym bra\u0142y udzia\u0142 uczennice naszego LO: Maja Pajor z kl. 2 oraz Zuzanna St\u0119\u017ca\u0142y z kl. 3a. Towarzyszy\u0142 im Pan Piotr Pawlikowski, kt\u00f3ry poprowadzi\u0142 r\u00f3wnie\u017c warsztaty pt. &#8222;Matematyczne gwiazdki&#8221; oraz wyk\u0142ad pt. &#8222;Wielo\u015bciany jednorodne&#8221;. Ka\u017cdego dnia dziewczyny mog\u0142y wzi\u0105\u0107 udzia\u0142 w akademickich wyk\u0142adach oraz uczestniczy\u0107 w wieczornych warsztatach matematycznych w lu\u017aniejszej atmosferze prowadzonych przez wybitnych profesor\u00f3w oraz popularyzator\u00f3w nauki z ca\u0142ej Polski takich jak: Krzysztof Ciesielski z Uniwersytetu Jagiello\u0144skiego, kt\u00f3ry poprowadzi\u0142 wyk\u0142ad pt.: \u201dO zasadzie indukcji matematycznej\u201d, Piotr Dyszewski z Uniwersytetu Wroc\u0142awskiego z wyk\u0142adem pt.:\u201d Domino, skarby Aztek\u00f3w i ko\u0142o podbiegunowe\u201d czy Joanna Jaszu\u0144ska z Uniwersytetu Warszawskiego. Z ka\u017cdym dniem naszym uczennicom towarzyszy\u0142a narastaj\u0105ca wiedza, pocz\u0105wszy od historii pojedynczych liczb czy znak\u00f3w a\u017c po bry\u0142y o nieograniczonych mo\u017cliwo\u015bciach. G\u0142\u00f3wnymi atrakcjami, przy kt\u00f3rych mog\u0142y odkry\u0107 tajemnice matematyki we Wroc\u0142awiu, by\u0142a wycieczka do Hydropolis oraz gra miejska \u201e\u015aladami Lwowskich Matematyk\u00f3w\u201d, w kt\u00f3rej g\u0142\u00f3wn\u0105 postaci\u0105 tematyczn\u0105 by\u0142 Stefan Banach wybitny polski matematyk, tw\u00f3rca teorii operacji funkcjonalnej, kt\u00f3ra przyczyni\u0142a si\u0119 do rozwoju \u015bwiatowej matematyki. Po wycie\u0144czaj\u0105ce grze, kt\u00f3ra sk\u0142ada\u0142a si\u0119 z 32 zada\u0144 i zr\u00f3\u017cnicowanych quiz\u00f3w tematycznych, ca\u0142e wydarzenie zosta\u0142o zako\u0144czone wieczorem, w mi\u0142ej atmosferze przy plansz\u00f3wkach.<\/p>\nngg_shortcode_0_placeholder\n","protected":false},"excerpt":{"rendered":"<p>W dniach od 10 do 13 wrze\u015bnia odby\u0142 si\u0119 IX Kongres M\u0142odych Matematyk\u00f3w we Wroc\u0142awiu,<\/p>\n","protected":false},"author":1,"featured_media":7597,"comment_status":"closed","ping_status":"closed","sticky":false,"template":"","format":"standard","meta":{"ngg_post_thumbnail":0,"footnotes":""},"categories":[17],"tags":[],"class_list":["post-7588","post","type-post","status-publish","format-standard","has-post-thumbnail","hentry","category-z-zycia-szkoly"],"_links":{"self":[{"href":"http:\/\/zs.wolczyn.pl\/lo\/wp-json\/wp\/v2\/posts\/7588"}],"collection":[{"href":"http:\/\/zs.wolczyn.pl\/lo\/wp-json\/wp\/v2\/posts"}],"about":[{"href":"http:\/\/zs.wolczyn.pl\/lo\/wp-json\/wp\/v2\/types\/post"}],"author":[{"embeddable":true,"href":"http:\/\/zs.wolczyn.pl\/lo\/wp-json\/wp\/v2\/users\/1"}],"replies":[{"embeddable":true,"href":"http:\/\/zs.wolczyn.pl\/lo\/wp-json\/wp\/v2\/comments?post=7588"}],"version-history":[{"count":2,"href":"http:\/\/zs.wolczyn.pl\/lo\/wp-json\/wp\/v2\/posts\/7588\/revisions"}],"predecessor-version":[{"id":7599,"href":"http:\/\/zs.wolczyn.pl\/lo\/wp-json\/wp\/v2\/posts\/7588\/revisions\/7599"}],"wp:featuredmedia":[{"embeddable":true,"href":"http:\/\/zs.wolczyn.pl\/lo\/wp-json\/wp\/v2\/media\/7597"}],"wp:attachment":[{"href":"http:\/\/zs.wolczyn.pl\/lo\/wp-json\/wp\/v2\/media?parent=7588"}],"wp:term":[{"taxonomy":"category","embeddable":true,"href":"http:\/\/zs.wolczyn.pl\/lo\/wp-json\/wp\/v2\/categories?post=7588"},{"taxonomy":"post_tag","embeddable":true,"href":"http:\/\/zs.wolczyn.pl\/lo\/wp-json\/wp\/v2\/tags?post=7588"}],"curies":[{"name":"wp","href":"https:\/\/api.w.org\/{rel}","templated":true}]}}