{"id":7696,"date":"2024-11-15T13:29:41","date_gmt":"2024-11-15T12:29:41","guid":{"rendered":"http:\/\/zs.wolczyn.pl\/lo\/?p=7696"},"modified":"2024-11-22T08:16:36","modified_gmt":"2024-11-22T07:16:36","slug":"11-listopada-swieto-niepodleglosci","status":"publish","type":"post","link":"http:\/\/zs.wolczyn.pl\/lo\/11-listopada-swieto-niepodleglosci\/","title":{"rendered":"11 Listopada &#8211; \u015awi\u0119to Niepodleg\u0142o\u015bci"},"content":{"rendered":"<p>\u201eDzisiaj wielka jest rocznica \u2013 Jedenasty Listopada! Tym, co zmarli za Ojczyzn\u0119, ho\u0142d wdzi\u0119czno\u015bci Polska sk\u0142ada\u201d<br \/>\n&#x1f1f5;&#x1f1f1;&#x2665;&#xfe0f;&#x1f1f5;&#x1f1f1;&#x2665;&#xfe0f;&#x1f1f5;&#x1f1f1;&#x2665;&#xfe0f;&#x1f1f5;&#x1f1f1;<\/p>\n<p>Obchody Narodowego \u015awi\u0119ta Niepodleg\u0142o\u015bci zacz\u0119li\u015bmy <!--more-->ju\u017c w pi\u0105tek uroczyst\u0105 akademi\u0105 przygotowan\u0105 przez uczni\u00f3w klas 3 Szko\u0142y Podstawowej.<br \/>\nWe wtorek natomiast odby\u0142a si\u0119 uroczysta akademia przygotowana przez licealist\u00f3w. W uroczysto\u015bci wzi\u0119li udzia\u0142 uczniowie LO oraz starszych klas SP. Go\u015bciem honorowym by\u0142 Prof. dr. hab. Pan Mariusz Patelski z Instytutu Historii Uniwersytetu Opolskiego, kt\u00f3ry dla wszystkich obecnych wyg\u0142osi\u0142 wyk\u0142ad pod tytu\u0142em &#8222;Nie tylko szabl\u0105&#8230;Budowa zr\u0119b\u00f3w polskiej pa\u0144stwowo\u015bci w latach Wielkiej Wojny&#8221; Wyk\u0142ad uzmys\u0142owi\u0142 nam ile pracy Polacy musieli w\u0142o\u017cy\u0107 aby w 1918 roku odbudowa\u0107 w\u0142asne pa\u0144stwo.<\/p>\nngg_shortcode_0_placeholder\n","protected":false},"excerpt":{"rendered":"<p>\u201eDzisiaj wielka jest rocznica \u2013 Jedenasty Listopada! Tym, co zmarli za Ojczyzn\u0119, ho\u0142d wdzi\u0119czno\u015bci Polska sk\u0142ada\u201d &#x1f1f5;&#x1f1f1;&#x2665;&#xfe0f;&#x1f1f5;&#x1f1f1;&#x2665;&#xfe0f;&#x1f1f5;&#x1f1f1;&#x2665;&#xfe0f;&#x1f1f5;&#x1f1f1; Obchody Narodowego \u015awi\u0119ta <a href=\"http:\/\/zs.wolczyn.pl\/lo\/11-listopada-swieto-niepodleglosci\/\" class=\"read-more\">Czytaj dalej &#8230;<\/a><\/p>\n","protected":false},"author":1,"featured_media":7726,"comment_status":"closed","ping_status":"closed","sticky":false,"template":"","format":"standard","meta":{"ngg_post_thumbnail":0,"footnotes":""},"categories":[17],"tags":[],"class_list":["post-7696","post","type-post","status-publish","format-standard","has-post-thumbnail","hentry","category-z-zycia-szkoly"],"_links":{"self":[{"href":"http:\/\/zs.wolczyn.pl\/lo\/wp-json\/wp\/v2\/posts\/7696"}],"collection":[{"href":"http:\/\/zs.wolczyn.pl\/lo\/wp-json\/wp\/v2\/posts"}],"about":[{"href":"http:\/\/zs.wolczyn.pl\/lo\/wp-json\/wp\/v2\/types\/post"}],"author":[{"embeddable":true,"href":"http:\/\/zs.wolczyn.pl\/lo\/wp-json\/wp\/v2\/users\/1"}],"replies":[{"embeddable":true,"href":"http:\/\/zs.wolczyn.pl\/lo\/wp-json\/wp\/v2\/comments?post=7696"}],"version-history":[{"count":3,"href":"http:\/\/zs.wolczyn.pl\/lo\/wp-json\/wp\/v2\/posts\/7696\/revisions"}],"predecessor-version":[{"id":7795,"href":"http:\/\/zs.wolczyn.pl\/lo\/wp-json\/wp\/v2\/posts\/7696\/revisions\/7795"}],"wp:featuredmedia":[{"embeddable":true,"href":"http:\/\/zs.wolczyn.pl\/lo\/wp-json\/wp\/v2\/media\/7726"}],"wp:attachment":[{"href":"http:\/\/zs.wolczyn.pl\/lo\/wp-json\/wp\/v2\/media?parent=7696"}],"wp:term":[{"taxonomy":"category","embeddable":true,"href":"http:\/\/zs.wolczyn.pl\/lo\/wp-json\/wp\/v2\/categories?post=7696"},{"taxonomy":"post_tag","embeddable":true,"href":"http:\/\/zs.wolczyn.pl\/lo\/wp-json\/wp\/v2\/tags?post=7696"}],"curies":[{"name":"wp","href":"https:\/\/api.w.org\/{rel}","templated":true}]}}