{"id":7835,"date":"2024-12-18T12:05:04","date_gmt":"2024-12-18T11:05:04","guid":{"rendered":"http:\/\/zs.wolczyn.pl\/lo\/?p=7835"},"modified":"2024-12-18T12:16:37","modified_gmt":"2024-12-18T11:16:37","slug":"7835-2","status":"publish","type":"post","link":"http:\/\/zs.wolczyn.pl\/lo\/7835-2\/","title":{"rendered":"Wyjazd na wroc\u0142awskie uczelnie"},"content":{"rendered":"<p>W dniu 10.12.2024 r. uczniowie liceum oraz uczniowie klas 8 szko\u0142y podstawowej naszego Zespo\u0142u Szk\u00f3\u0142 uczestniczyli w Dniu Nauki organizowanym przez <!--more-->nasze partnerskie uczelnie we Wroc\u0142awiu.<br \/>\nLiceali\u015bci z klas 2, 3A, 3B realizuj\u0105cy przedmioty w zakresie rozszerzonym &#8211; biologia i chemia oraz uczniowie klasy 8 SP go\u015bcili na Uniwersytet Przyrodniczy we Wroc\u0142awiu&#x1f469;&#x1f52c;&#x1f468;&#x1f52c;<br \/>\nUczestniczyli tam w cyklu wyk\u0142adowo-warsztatowym pod kierunkiem pracownik\u00f3w naukowych Wydzia\u0142u Przyrodniczo-Technologicznego Uniwersytetu Przyrodniczego we Wroc\u0142awiu. Mieli przyjemno\u015b\u0107 wys\u0142ucha\u0107 interesuj\u0105cego wyk\u0142adu pt. \u201eStudia \u2013 najpi\u0119kniejszy okres \u017cycia?\u201d, prowadzonego przez prof. dr. hab. in\u017c. Pana Marcina Kozaka oraz porozmawia\u0107 na temat studi\u00f3w i \u017cycia studenckiego. &#x1f393;<br \/>\nW czasie warsztatu \u201e\u015awiat botaniki\u201d zapoznali si\u0119 bli\u017cej z dzia\u0142aniem mikroskop\u00f3w, sami stworzyli w\u0142asne preparaty, a nast\u0119pnie je obserwowali.&#x1f331;<br \/>\nDrugi warsztat &#8211; \u201eIn vitro &#8211; ro\u015bliny w szkle\u201d, umo\u017cliwi\u0142 im wykonanie do\u015bwiadczenia, przeszczepi\u0107 w\u0142asn\u0105 ro\u015blin\u0119 oraz zaobserwowa\u0107 rozmna\u017canie wegetatywne.<br \/>\nPe\u0142ni zapa\u0142u dzielnie pracowali nad zadanym pracami. &#x1f4aa;&#x1f3fc;<br \/>\nJednocze\u015bnie uczniowie rozszerzaj\u0105cy przedmioty bloku humanistycznego z klasy 2LO go\u015bcili w Instytucie Politologii Uniwersytetu Wroc\u0142awskiego. Wzi\u0119li udzia\u0142 w warsztatach &#8222;Polacy jako uchod\u017acy i historia polskiego uchod\u017actwa&#8221;.<br \/>\nPo warsztatach udali si\u0119 do Muzeum Narodowego na spotkanie z dzie\u0142ami Jana Matejki, Marcello Bacciarellego czy Wojciecha Gersona. By\u0142a to prawdziwa uczta dla zmys\u0142\u00f3w.<br \/>\nPo ciekawych zaj\u0119ciach wszyscy uczniowie spotkali si\u0119 na Jarmarku Bo\u017conarodzeniowym we Wroc\u0142awiu. &#x1f384;<br \/>\nBardzo serdecznie dzi\u0119kujemy wszystkim zaanga\u017cowanym pracownikom UPWr oraz UWr, kt\u00f3rzy obdarowali naszych uczni\u00f3w kolejn\u0105 przydatn\u0105 wiedz\u0105, \u015bwietnymi do\u015bwiadczeniami, a tak\u017ce przemi\u0142\u0105 atmosfer\u0105! &#x1f64c;&#x1f3fc;<br \/>\nDo zobaczenia! \u017byczymy Weso\u0142ych \u015awi\u0105t Bo\u017cego Narodzenia!&#x1f385;&#x1f3fb;<\/p>\nngg_shortcode_0_placeholder\n","protected":false},"excerpt":{"rendered":"<p>W dniu 10.12.2024 r. uczniowie liceum oraz uczniowie klas 8 szko\u0142y podstawowej naszego Zespo\u0142u Szk\u00f3\u0142 uczestniczyli w Dniu Nauki organizowanym <a href=\"http:\/\/zs.wolczyn.pl\/lo\/7835-2\/\" class=\"read-more\">Czytaj dalej &#8230;<\/a><\/p>\n","protected":false},"author":1,"featured_media":7879,"comment_status":"closed","ping_status":"closed","sticky":false,"template":"","format":"standard","meta":{"ngg_post_thumbnail":0,"footnotes":""},"categories":[54,17],"tags":[],"class_list":["post-7835","post","type-post","status-publish","format-standard","has-post-thumbnail","hentry","category-wspolpraca","category-z-zycia-szkoly"],"_links":{"self":[{"href":"http:\/\/zs.wolczyn.pl\/lo\/wp-json\/wp\/v2\/posts\/7835"}],"collection":[{"href":"http:\/\/zs.wolczyn.pl\/lo\/wp-json\/wp\/v2\/posts"}],"about":[{"href":"http:\/\/zs.wolczyn.pl\/lo\/wp-json\/wp\/v2\/types\/post"}],"author":[{"embeddable":true,"href":"http:\/\/zs.wolczyn.pl\/lo\/wp-json\/wp\/v2\/users\/1"}],"replies":[{"embeddable":true,"href":"http:\/\/zs.wolczyn.pl\/lo\/wp-json\/wp\/v2\/comments?post=7835"}],"version-history":[{"count":5,"href":"http:\/\/zs.wolczyn.pl\/lo\/wp-json\/wp\/v2\/posts\/7835\/revisions"}],"predecessor-version":[{"id":7884,"href":"http:\/\/zs.wolczyn.pl\/lo\/wp-json\/wp\/v2\/posts\/7835\/revisions\/7884"}],"wp:featuredmedia":[{"embeddable":true,"href":"http:\/\/zs.wolczyn.pl\/lo\/wp-json\/wp\/v2\/media\/7879"}],"wp:attachment":[{"href":"http:\/\/zs.wolczyn.pl\/lo\/wp-json\/wp\/v2\/media?parent=7835"}],"wp:term":[{"taxonomy":"category","embeddable":true,"href":"http:\/\/zs.wolczyn.pl\/lo\/wp-json\/wp\/v2\/categories?post=7835"},{"taxonomy":"post_tag","embeddable":true,"href":"http:\/\/zs.wolczyn.pl\/lo\/wp-json\/wp\/v2\/tags?post=7835"}],"curies":[{"name":"wp","href":"https:\/\/api.w.org\/{rel}","templated":true}]}}