{"id":7898,"date":"2024-12-31T07:31:47","date_gmt":"2024-12-31T06:31:47","guid":{"rendered":"http:\/\/zs.wolczyn.pl\/lo\/?p=7898"},"modified":"2025-03-10T07:17:15","modified_gmt":"2025-03-10T06:17:15","slug":"dawid-tyszkowski","status":"publish","type":"post","link":"http:\/\/zs.wolczyn.pl\/lo\/dawid-tyszkowski\/","title":{"rendered":"Dawid Tyszkowski &#8211; 2020\/2021"},"content":{"rendered":"<p>Dawid Tyszkowski \u2013 muzyk, autor tekst\u00f3w, kompozytor i producent muzyczny.<\/p>\n<p>W 2024 roku nominowany do najwa\u017cniejszej nagrody muzycznej Fryderyki&nbsp;w kategorii Album Roku, POP; Bestsellery Empiku 2023 r. w kategorii Odkrycie Empiku \u2013 Muzyka.<\/p>\n<p>W 2024 r. piosenka pt. \u201e Co i tak nadejdzie\u201d we wsp\u00f3\u0142pracy ze Skubasem zosta\u0142a wyr\u00f3\u017cniona Z\u0142ot\u0105 P\u0142yt\u0105.<\/p>\n<p>W 2022 roku wyda\u0142 debiutancki mini album pt.\u201d Nadal nie \u015bpi\u0119\u201d, w 2023 pierwszy album pt.\u201d M\u00f3j kot zagin\u0105\u0142 i ju\u017c raczej nie wr\u00f3ci\u201d, a w 2025 drugi album pt. \u201e Mam szcz\u0119\u015bcie.\u201d<\/p>\n<p style=\"text-align: center;\"><a href=\"https:\/\/www.facebook.com\/share\/p\/1Cyi86fVwH\/\">https:\/\/www.facebook.com\/share\/p\/1Cyi86fVwH\/<\/a><\/p>\n<p style=\"text-align: center;\"><a href=\"http:\/\/zs.wolczyn.pl\/lo\/wp-content\/uploads\/2024\/12\/plakat-DT-kopia.png\"><img fetchpriority=\"high\" decoding=\"async\" class=\"aligncenter size-large wp-image-7899\" src=\"http:\/\/zs.wolczyn.pl\/lo\/wp-content\/uploads\/2024\/12\/plakat-DT-kopia-513x1024.png\" alt=\"\" width=\"513\" height=\"1024\" srcset=\"http:\/\/zs.wolczyn.pl\/lo\/wp-content\/uploads\/2024\/12\/plakat-DT-kopia-513x1024.png 513w, http:\/\/zs.wolczyn.pl\/lo\/wp-content\/uploads\/2024\/12\/plakat-DT-kopia-150x300.png 150w, http:\/\/zs.wolczyn.pl\/lo\/wp-content\/uploads\/2024\/12\/plakat-DT-kopia-768x1532.png 768w, http:\/\/zs.wolczyn.pl\/lo\/wp-content\/uploads\/2024\/12\/plakat-DT-kopia-770x1536.png 770w, http:\/\/zs.wolczyn.pl\/lo\/wp-content\/uploads\/2024\/12\/plakat-DT-kopia-1026x2048.png 1026w, http:\/\/zs.wolczyn.pl\/lo\/wp-content\/uploads\/2024\/12\/plakat-DT-kopia.png 1920w\" sizes=\"(max-width: 513px) 100vw, 513px\" \/><\/a><\/p>\n","protected":false},"excerpt":{"rendered":"<p>Dawid Tyszkowski \u2013 muzyk, autor tekst\u00f3w, kompozytor i producent muzyczny. W 2024 roku nominowany do najwa\u017cniejszej nagrody muzycznej Fryderyki&nbsp;w kategorii <a href=\"http:\/\/zs.wolczyn.pl\/lo\/dawid-tyszkowski\/\" class=\"read-more\">Czytaj dalej &#8230;<\/a><\/p>\n","protected":false},"author":1,"featured_media":0,"comment_status":"closed","ping_status":"closed","sticky":false,"template":"","format":"standard","meta":{"ngg_post_thumbnail":0,"footnotes":""},"categories":[63],"tags":[],"class_list":["post-7898","post","type-post","status-publish","format-standard","hentry","category-absolwenci"],"_links":{"self":[{"href":"http:\/\/zs.wolczyn.pl\/lo\/wp-json\/wp\/v2\/posts\/7898"}],"collection":[{"href":"http:\/\/zs.wolczyn.pl\/lo\/wp-json\/wp\/v2\/posts"}],"about":[{"href":"http:\/\/zs.wolczyn.pl\/lo\/wp-json\/wp\/v2\/types\/post"}],"author":[{"embeddable":true,"href":"http:\/\/zs.wolczyn.pl\/lo\/wp-json\/wp\/v2\/users\/1"}],"replies":[{"embeddable":true,"href":"http:\/\/zs.wolczyn.pl\/lo\/wp-json\/wp\/v2\/comments?post=7898"}],"version-history":[{"count":4,"href":"http:\/\/zs.wolczyn.pl\/lo\/wp-json\/wp\/v2\/posts\/7898\/revisions"}],"predecessor-version":[{"id":8156,"href":"http:\/\/zs.wolczyn.pl\/lo\/wp-json\/wp\/v2\/posts\/7898\/revisions\/8156"}],"wp:attachment":[{"href":"http:\/\/zs.wolczyn.pl\/lo\/wp-json\/wp\/v2\/media?parent=7898"}],"wp:term":[{"taxonomy":"category","embeddable":true,"href":"http:\/\/zs.wolczyn.pl\/lo\/wp-json\/wp\/v2\/categories?post=7898"},{"taxonomy":"post_tag","embeddable":true,"href":"http:\/\/zs.wolczyn.pl\/lo\/wp-json\/wp\/v2\/tags?post=7898"}],"curies":[{"name":"wp","href":"https:\/\/api.w.org\/{rel}","templated":true}]}}