{"id":7904,"date":"2025-01-09T09:20:29","date_gmt":"2025-01-09T08:20:29","guid":{"rendered":"http:\/\/zs.wolczyn.pl\/lo\/?p=7904"},"modified":"2025-01-09T09:22:09","modified_gmt":"2025-01-09T08:22:09","slug":"jaselka-w-lo","status":"publish","type":"post","link":"http:\/\/zs.wolczyn.pl\/lo\/jaselka-w-lo\/","title":{"rendered":"Jase\u0142ka w LO"},"content":{"rendered":"<p>20 grudnia nasi liceali\u015bci zaprezentowali, w bardzo oryginalnej formie &#8211; jako teatr cieni, JASE\u0141KA. Przygotowali si\u0119 do nich pod kierownictwem br. Artura. <!--more-->Bardzo dzi\u0119kujemy za ciekawe przedstawienie aktorom, a tak\u017ce uczniom szko\u0142y podstawowej, kt\u00f3rzy wraz z nauczycielem muzyki, Panem Micha\u0142em Herszelem w pi\u0119kny spos\u00f3b uzupe\u0142nili opraw\u0119 muzyczn\u0105. Na koniec Pani Dyrektor Ewa W\u0142os podzi\u0119kowa\u0142a wszystkim zaanga\u017cowanym oraz z\u0142o\u017cy\u0142a \u017cyczenia \u015bwi\u0105teczne i noworoczne.<\/p>\nngg_shortcode_0_placeholder\n","protected":false},"excerpt":{"rendered":"<p>20 grudnia nasi liceali\u015bci zaprezentowali, w bardzo oryginalnej formie &#8211; jako teatr cieni, JASE\u0141KA. Przygotowali si\u0119 do nich pod kierownictwem <a href=\"http:\/\/zs.wolczyn.pl\/lo\/jaselka-w-lo\/\" class=\"read-more\">Czytaj dalej &#8230;<\/a><\/p>\n","protected":false},"author":1,"featured_media":7935,"comment_status":"closed","ping_status":"closed","sticky":false,"template":"","format":"standard","meta":{"ngg_post_thumbnail":0,"footnotes":""},"categories":[17],"tags":[],"class_list":["post-7904","post","type-post","status-publish","format-standard","has-post-thumbnail","hentry","category-z-zycia-szkoly"],"_links":{"self":[{"href":"http:\/\/zs.wolczyn.pl\/lo\/wp-json\/wp\/v2\/posts\/7904"}],"collection":[{"href":"http:\/\/zs.wolczyn.pl\/lo\/wp-json\/wp\/v2\/posts"}],"about":[{"href":"http:\/\/zs.wolczyn.pl\/lo\/wp-json\/wp\/v2\/types\/post"}],"author":[{"embeddable":true,"href":"http:\/\/zs.wolczyn.pl\/lo\/wp-json\/wp\/v2\/users\/1"}],"replies":[{"embeddable":true,"href":"http:\/\/zs.wolczyn.pl\/lo\/wp-json\/wp\/v2\/comments?post=7904"}],"version-history":[{"count":2,"href":"http:\/\/zs.wolczyn.pl\/lo\/wp-json\/wp\/v2\/posts\/7904\/revisions"}],"predecessor-version":[{"id":7934,"href":"http:\/\/zs.wolczyn.pl\/lo\/wp-json\/wp\/v2\/posts\/7904\/revisions\/7934"}],"wp:featuredmedia":[{"embeddable":true,"href":"http:\/\/zs.wolczyn.pl\/lo\/wp-json\/wp\/v2\/media\/7935"}],"wp:attachment":[{"href":"http:\/\/zs.wolczyn.pl\/lo\/wp-json\/wp\/v2\/media?parent=7904"}],"wp:term":[{"taxonomy":"category","embeddable":true,"href":"http:\/\/zs.wolczyn.pl\/lo\/wp-json\/wp\/v2\/categories?post=7904"},{"taxonomy":"post_tag","embeddable":true,"href":"http:\/\/zs.wolczyn.pl\/lo\/wp-json\/wp\/v2\/tags?post=7904"}],"curies":[{"name":"wp","href":"https:\/\/api.w.org\/{rel}","templated":true}]}}