{"id":8366,"date":"2025-04-24T09:58:59","date_gmt":"2025-04-24T07:58:59","guid":{"rendered":"http:\/\/zs.wolczyn.pl\/lo\/?p=8366"},"modified":"2025-04-24T09:59:38","modified_gmt":"2025-04-24T07:59:38","slug":"zajecia-w-osrodku-edukacji-astronomicznej-w-bialkowie","status":"publish","type":"post","link":"http:\/\/zs.wolczyn.pl\/lo\/zajecia-w-osrodku-edukacji-astronomicznej-w-bialkowie\/","title":{"rendered":"Zaj\u0119cia w O\u015brodku Edukacji Astronomicznej w Bia\u0142kowie"},"content":{"rendered":"<p>Dnia 23 kwietnia 2025 roku grupa 14 uczni\u00f3w \u00f3smych klas i licealist\u00f3w Zespo\u0142u Szk\u00f3\u0142 w Wo\u0142czynie wzi\u0119\u0142a udzia\u0142 w zaj\u0119ciach astronomicznych w O\u015brodku Edukacji Astronomicznej w Bia\u0142kowie nale\u017c\u0105cego do Uniwersytetu Wroc\u0142awskiego. <!--more-->Mieli\u015bmy okazj\u0119 wys\u0142ucha\u0107 pe\u0142nej pasji opowie\u015bci astronoma Pana Mariana, kt\u00f3ry pokaza\u0142 nam Marsa i Ksi\u0119\u017cyc w znacznie szerszym kontek\u015bcie ni\u017c m\u00f3wimy o nich w szkole, wprowadzi\u0142 nas r\u00f3wnie\u017c w \u015bwiat optyki. Wzi\u0119li\u015bmy udzia\u0142 w pokazie w planetarium, a tak\u017ce uda\u0142o nam si\u0119 poobserwowa\u0107 S\u0142o\u0144ce przez teleskop w filtrze H\u03b1, dzi\u0119ki kt\u00f3remu \u0142atwiej mogli\u015bmy zauwa\u017cy\u0107 protuberancje na brzegu S\u0142o\u0144ca. Z pewno\u015bci\u0105 warto b\u0119dzie tam wr\u00f3ci\u0107.<\/p>\nngg_shortcode_0_placeholder\n","protected":false},"excerpt":{"rendered":"<p>Dnia 23 kwietnia 2025 roku grupa 14 uczni\u00f3w \u00f3smych klas i licealist\u00f3w Zespo\u0142u Szk\u00f3\u0142 w Wo\u0142czynie wzi\u0119\u0142a udzia\u0142 w zaj\u0119ciach <a href=\"http:\/\/zs.wolczyn.pl\/lo\/zajecia-w-osrodku-edukacji-astronomicznej-w-bialkowie\/\" class=\"read-more\">Czytaj dalej &#8230;<\/a><\/p>\n","protected":false},"author":1,"featured_media":8398,"comment_status":"closed","ping_status":"closed","sticky":false,"template":"","format":"standard","meta":{"ngg_post_thumbnail":0,"footnotes":""},"categories":[54,17],"tags":[],"class_list":["post-8366","post","type-post","status-publish","format-standard","has-post-thumbnail","hentry","category-wspolpraca","category-z-zycia-szkoly"],"_links":{"self":[{"href":"http:\/\/zs.wolczyn.pl\/lo\/wp-json\/wp\/v2\/posts\/8366"}],"collection":[{"href":"http:\/\/zs.wolczyn.pl\/lo\/wp-json\/wp\/v2\/posts"}],"about":[{"href":"http:\/\/zs.wolczyn.pl\/lo\/wp-json\/wp\/v2\/types\/post"}],"author":[{"embeddable":true,"href":"http:\/\/zs.wolczyn.pl\/lo\/wp-json\/wp\/v2\/users\/1"}],"replies":[{"embeddable":true,"href":"http:\/\/zs.wolczyn.pl\/lo\/wp-json\/wp\/v2\/comments?post=8366"}],"version-history":[{"count":2,"href":"http:\/\/zs.wolczyn.pl\/lo\/wp-json\/wp\/v2\/posts\/8366\/revisions"}],"predecessor-version":[{"id":8400,"href":"http:\/\/zs.wolczyn.pl\/lo\/wp-json\/wp\/v2\/posts\/8366\/revisions\/8400"}],"wp:featuredmedia":[{"embeddable":true,"href":"http:\/\/zs.wolczyn.pl\/lo\/wp-json\/wp\/v2\/media\/8398"}],"wp:attachment":[{"href":"http:\/\/zs.wolczyn.pl\/lo\/wp-json\/wp\/v2\/media?parent=8366"}],"wp:term":[{"taxonomy":"category","embeddable":true,"href":"http:\/\/zs.wolczyn.pl\/lo\/wp-json\/wp\/v2\/categories?post=8366"},{"taxonomy":"post_tag","embeddable":true,"href":"http:\/\/zs.wolczyn.pl\/lo\/wp-json\/wp\/v2\/tags?post=8366"}],"curies":[{"name":"wp","href":"https:\/\/api.w.org\/{rel}","templated":true}]}}