{"id":8411,"date":"2025-05-05T08:22:36","date_gmt":"2025-05-05T06:22:36","guid":{"rendered":"https:\/\/zs.wolczyn.pl\/lo\/?p=8411"},"modified":"2025-05-05T08:23:12","modified_gmt":"2025-05-05T06:23:12","slug":"8411-2","status":"publish","type":"post","link":"http:\/\/zs.wolczyn.pl\/lo\/8411-2\/","title":{"rendered":""},"content":{"rendered":"<p><em>&#8222;Nar\u00f3d jest naszym panem&#8221;<\/em> to tytu\u0142 programu artystycznego przygotowanego i wystawionego w naszej szkole 30 kwietnia przez m\u0142odzie\u017c z liceum oraz klas 7-8. W ten spos\u00f3b uczcili\u015bmy pami\u0119\u0107 o Konstytucji 3 maja, pierwszej polskiej i europejskiej ustawie zasadniczej.<\/p>\n<p>Chocia\u017c dokument ten nie wszed\u0142 w \u017cycie, gdy\u017c zaborcy i zdrajcy targowiczanie nie pozwolili na jego realizacj\u0119, to mimo to jest niezwykle wa\u017cny. Po raz pierwszy w Rzeczypospolitej dokonano tr\u00f3jpodzia\u0142u w\u0142adzy, prawa polityczne zyskali mieszczanie, pod opiek\u0105 prawa wzi\u0119to ch\u0142op\u00f3w.<\/p>\n<p>Tak wi\u0119c konstytucja dotyczy\u0142a ca\u0142ego narodu, a nie tylko szlachty. Likwidowa\u0142a wady dotychczasowego ustroju, jej tw\u00f3rcom przy\u015bwieca\u0142a do dzi\u015b aktualna my\u015bl polityczna, \u017ce &#8222;<em>Wszelka w<\/em><em>\u0142<\/em><em>adza w spo<\/em><em>\u0142<\/em><em>eczno<\/em><em>\u015b<\/em><em>ci ludzkiej pocz<\/em><em>\u0105<\/em><em>tek sw<\/em><em>\u00f3<\/em><em>j bierze z woli narodu<\/em><em>.&#8221;<\/em><\/p>\n<p>Konstytucja z 3 maja 1791 r. nie uratowa\u0142a naszego pa\u0144stwa przed upadkiem, lecz pami\u0119\u0107 o niej i jej bardzo nowoczesna tre\u015b\u0107 by\u0142y dla kolejnych pokole\u0144 Polak\u00f3w drogowskazem oraz \u015bwiadectwem dojrza\u0142o\u015bci politycznej narodu. Pami\u0119tajmy, \u017ce zabory przysz\u0142y nie w momencie najwi\u0119kszego chaosu i anarchii w Rzeczypospolitej, ale wtedy gdy w\u0142asnymi si\u0142ami pr\u00f3bowa\u0142a odzyska\u0107 suwerenno\u015b\u0107 i wewn\u0119trzny \u0142ad.<\/p>\nngg_shortcode_0_placeholder\n","protected":false},"excerpt":{"rendered":"<p>&#8222;Nar\u00f3d jest naszym panem&#8221; to tytu\u0142 programu artystycznego przygotowanego i wystawionego w naszej szkole 30 kwietnia przez m\u0142odzie\u017c z liceum <a href=\"http:\/\/zs.wolczyn.pl\/lo\/8411-2\/\" class=\"read-more\">Czytaj dalej &#8230;<\/a><\/p>\n","protected":false},"author":1,"featured_media":8424,"comment_status":"closed","ping_status":"closed","sticky":false,"template":"","format":"standard","meta":{"ngg_post_thumbnail":0,"footnotes":""},"categories":[17],"tags":[],"class_list":["post-8411","post","type-post","status-publish","format-standard","has-post-thumbnail","hentry","category-z-zycia-szkoly"],"_links":{"self":[{"href":"http:\/\/zs.wolczyn.pl\/lo\/wp-json\/wp\/v2\/posts\/8411"}],"collection":[{"href":"http:\/\/zs.wolczyn.pl\/lo\/wp-json\/wp\/v2\/posts"}],"about":[{"href":"http:\/\/zs.wolczyn.pl\/lo\/wp-json\/wp\/v2\/types\/post"}],"author":[{"embeddable":true,"href":"http:\/\/zs.wolczyn.pl\/lo\/wp-json\/wp\/v2\/users\/1"}],"replies":[{"embeddable":true,"href":"http:\/\/zs.wolczyn.pl\/lo\/wp-json\/wp\/v2\/comments?post=8411"}],"version-history":[{"count":1,"href":"http:\/\/zs.wolczyn.pl\/lo\/wp-json\/wp\/v2\/posts\/8411\/revisions"}],"predecessor-version":[{"id":8423,"href":"http:\/\/zs.wolczyn.pl\/lo\/wp-json\/wp\/v2\/posts\/8411\/revisions\/8423"}],"wp:featuredmedia":[{"embeddable":true,"href":"http:\/\/zs.wolczyn.pl\/lo\/wp-json\/wp\/v2\/media\/8424"}],"wp:attachment":[{"href":"http:\/\/zs.wolczyn.pl\/lo\/wp-json\/wp\/v2\/media?parent=8411"}],"wp:term":[{"taxonomy":"category","embeddable":true,"href":"http:\/\/zs.wolczyn.pl\/lo\/wp-json\/wp\/v2\/categories?post=8411"},{"taxonomy":"post_tag","embeddable":true,"href":"http:\/\/zs.wolczyn.pl\/lo\/wp-json\/wp\/v2\/tags?post=8411"}],"curies":[{"name":"wp","href":"https:\/\/api.w.org\/{rel}","templated":true}]}}