{"id":8425,"date":"2025-05-05T12:23:54","date_gmt":"2025-05-05T10:23:54","guid":{"rendered":"https:\/\/zs.wolczyn.pl\/lo\/?p=8425"},"modified":"2025-05-08T13:14:40","modified_gmt":"2025-05-08T11:14:40","slug":"wiedze-mozemy-zdobywac-od-innych-ale-madrosci-musimy-nauczyc-sie-sami","status":"publish","type":"post","link":"http:\/\/zs.wolczyn.pl\/lo\/wiedze-mozemy-zdobywac-od-innych-ale-madrosci-musimy-nauczyc-sie-sami\/","title":{"rendered":"Wiedz\u0119 mo\u017cemy zdobywa\u0107 od innych, ale m\u0105dro\u015bci musimy nauczy\u0107 si\u0119 sami."},"content":{"rendered":"<p>Ten cytat towarzyszy\u0142 nam 25 kwietnia podczas uroczysto\u015bci zako\u0144czenia edukacji klas maturalnych. Spo\u0142eczno\u015b\u0107 naszego liceum spotka\u0142a si\u0119 wtedy, by uroczy\u015bcie po\u017cegna\u0107 naszych tegorocznych abiturient\u00f3w.&nbsp;&nbsp;<\/p>\n<p>Po powitaniu go\u015bci prowadz\u0105cy poprosili pani\u0105 dyrektor szko\u0142y Ew\u0119 W\u0142os o zabranie g\u0142osu. Pani dyrektor odwo\u0142a\u0142a si\u0119 do cytatu Adama Mickiewicza, kt\u00f3ry sta\u0142 si\u0119 &nbsp;my\u015bl\u0105 przewodni\u0105 naszej uroczysto\u015bci. Przemowa by\u0142a wzruszaj\u0105ca i niesamowicie motywuj\u0105ca. Pani Dyrektor, m\u00f3wi\u0105c, \u017ce co\u015b si\u0119 ko\u0144czy, co\u015b si\u0119 zaczyna, zaszczepi\u0142a w naszych maturzystach nadziej\u0119, podkre\u015blaj\u0105c, \u017ce \u017cycie nie jest \u0142atwe i przed nimi wiele trudno\u015bci, mimo tego musz\u0105 wierzy\u0107, \u017ce si\u0142a jest w nich i zawsze maj\u0105 szans\u0119 wsta\u0107 i i\u015b\u0107 dalej. Zacytowa\u0142a r\u00f3wnie\u017c s\u0142owa \u015bw. Jana Paw\u0142a II; \u201cWsta\u0144, nie skupiaj si\u0119 na s\u0142abo\u015bciach i w\u0105tpliwo\u015bciach. Wyprostuj si\u0119&#8230; Wsta\u0144 i id\u017a!\u201d&nbsp;<\/p>\n<p>G\u0142os zabrali r\u00f3wnie\u017c zaproszeni go\u015bcie pani wizytator Olimpia Matys, wicestarosta kluczborski Krzysztof Tokarski oraz burmistrz Wo\u0142czyna Jan Leszek Wi\u0105cek, \u017cycz\u0105c absolwentom powodzenia, sukces\u00f3w w przysz\u0142o\u015bci oraz aby zawsze pami\u0119tali o swoich korzeniach i warto\u015bciach, kt\u00f3re zdobyli w szkole i w rodzinnych domach.<\/p>\n<p>Zgodnie z tradycj\u0105 naszej szko\u0142y wr\u0119czono \u015bwiadectwa uko\u0144czenia Liceum Og\u00f3lnokszta\u0142c\u0105cego im. Szarych Szereg\u00f3w w Wo\u0142czynie oraz uczniowie wpisali si\u0119 do ksi\u0119gi absolwent\u00f3w. Nast\u0119pnie pani dyrektor wraz z pani\u0105 wizytator Olimpi\u0105 Matys rozda\u0142y nagrody za udzia\u0142 w konkursach. Po tym przeszli\u015bmy do wr\u0119czenia statuetek Glorii przez pani\u0105 Ew\u0119 W\u0142os oraz pana Burmistrza Jana Leszka Wi\u0105cka.<\/p>\n<p>Podczas po\u017cegnania jak co roku, zgodnie z kilkuletni\u0105 tradycj\u0105 zabra\u0142a g\u0142os absolwentka Liceum. W tym roku zaszczyt ten przypad\u0142 Zofii Rogacz. W swojej mowie poruszy\u0142a kilka wa\u017cnych dla klasy temat\u00f3w, wywo\u0142uj\u0105c u wszystkich wzruszenie.<\/p>\n<p>Zmiany s\u0105 trudne, jednak s\u0105 nieod\u0142\u0105czn\u0105 cz\u0119\u015bci\u0105 naszego \u017cycia. Wi\u0105\u017c\u0105 si\u0119 z naszym rozwojem i pozyskiwaniem nowych do\u015bwiadcze\u0144, zatem s\u0105 potrzebne. Wiedz\u0119 zdobywamy tutaj, w szkole od naszych przyjaci\u00f3\u0142, pedagog\u00f3w, rodzic\u00f3w. M\u0105dro\u015b\u0107 mamy szans\u0119 posi\u0105\u015b\u0107, pozwalaj\u0105c sobie i\u015b\u0107 dalej, co prawda w nieznane, ale dzi\u0119ki temu otwieramy si\u0119 na wiele mo\u017cliwo\u015bci.&nbsp;<\/p>\nngg_shortcode_0_placeholder\n","protected":false},"excerpt":{"rendered":"<p>Ten cytat towarzyszy\u0142 nam 25 kwietnia podczas uroczysto\u015bci zako\u0144czenia edukacji klas maturalnych. Spo\u0142eczno\u015b\u0107 naszego liceum spotka\u0142a si\u0119 wtedy, by uroczy\u015bcie <a href=\"http:\/\/zs.wolczyn.pl\/lo\/wiedze-mozemy-zdobywac-od-innych-ale-madrosci-musimy-nauczyc-sie-sami\/\" class=\"read-more\">Czytaj dalej &#8230;<\/a><\/p>\n","protected":false},"author":1,"featured_media":8580,"comment_status":"closed","ping_status":"closed","sticky":false,"template":"","format":"standard","meta":{"ngg_post_thumbnail":0,"footnotes":""},"categories":[63,17],"tags":[],"class_list":["post-8425","post","type-post","status-publish","format-standard","has-post-thumbnail","hentry","category-absolwenci","category-z-zycia-szkoly"],"_links":{"self":[{"href":"http:\/\/zs.wolczyn.pl\/lo\/wp-json\/wp\/v2\/posts\/8425"}],"collection":[{"href":"http:\/\/zs.wolczyn.pl\/lo\/wp-json\/wp\/v2\/posts"}],"about":[{"href":"http:\/\/zs.wolczyn.pl\/lo\/wp-json\/wp\/v2\/types\/post"}],"author":[{"embeddable":true,"href":"http:\/\/zs.wolczyn.pl\/lo\/wp-json\/wp\/v2\/users\/1"}],"replies":[{"embeddable":true,"href":"http:\/\/zs.wolczyn.pl\/lo\/wp-json\/wp\/v2\/comments?post=8425"}],"version-history":[{"count":1,"href":"http:\/\/zs.wolczyn.pl\/lo\/wp-json\/wp\/v2\/posts\/8425\/revisions"}],"predecessor-version":[{"id":8542,"href":"http:\/\/zs.wolczyn.pl\/lo\/wp-json\/wp\/v2\/posts\/8425\/revisions\/8542"}],"wp:featuredmedia":[{"embeddable":true,"href":"http:\/\/zs.wolczyn.pl\/lo\/wp-json\/wp\/v2\/media\/8580"}],"wp:attachment":[{"href":"http:\/\/zs.wolczyn.pl\/lo\/wp-json\/wp\/v2\/media?parent=8425"}],"wp:term":[{"taxonomy":"category","embeddable":true,"href":"http:\/\/zs.wolczyn.pl\/lo\/wp-json\/wp\/v2\/categories?post=8425"},{"taxonomy":"post_tag","embeddable":true,"href":"http:\/\/zs.wolczyn.pl\/lo\/wp-json\/wp\/v2\/tags?post=8425"}],"curies":[{"name":"wp","href":"https:\/\/api.w.org\/{rel}","templated":true}]}}