{"id":8520,"date":"2025-05-05T12:29:27","date_gmt":"2025-05-05T10:29:27","guid":{"rendered":"https:\/\/zs.wolczyn.pl\/lo\/?p=8520"},"modified":"2025-05-05T13:44:51","modified_gmt":"2025-05-05T11:44:51","slug":"xi-forum-ucznia-zdolnego","status":"publish","type":"post","link":"http:\/\/zs.wolczyn.pl\/lo\/xi-forum-ucznia-zdolnego\/","title":{"rendered":"XI Forum Ucznia Zdolnego"},"content":{"rendered":"<p>28.04.2025 roku w Kinie Bajka w Kluczborku odby\u0142o si\u0119 XI Forum Ucznia Zdolnego. Zesp\u00f3\u0142 Szk\u00f3\u0142 w Wo\u0142czynie reprezentowa\u0142y dwie nasze uczennice.<!--more--> Justyna Zarucka uczennica klasy 7b, zosta\u0142a laureatk\u0105 Rejonowego Konkursu Historycznego &#8222;Polscy Kr\u00f3lowie Elekcyjni&#8221; oraz zaj\u0119\u0142a I m-ce w Rejonowym Konkursie Ekologicznym. Natomiast Zofia Rogacz, uczennica klasy 4LO zaj\u0119\u0142a 2 m-ce w Rejonowym Dyktandzie w kategorii szk\u00f3\u0142 ponadpodstawowych. Zwyci\u0119zcom oraz ich opiekunom serdecznie gratulujemy oraz \u017cyczymy dalszych sukces\u00f3w &#x1f44f;&#x1f44f;&#x1f44f;<\/p>\n<p><a href=\"http:\/\/zs.wolczyn.pl\/lo\/wp-content\/uploads\/2025\/05\/IMG-20250429-WA0013.jpg\"><img fetchpriority=\"high\" decoding=\"async\" class=\"size-medium wp-image-8543 alignnone\" src=\"http:\/\/zs.wolczyn.pl\/lo\/wp-content\/uploads\/2025\/05\/IMG-20250429-WA0013-300x224.jpg\" alt=\"\" width=\"300\" height=\"224\" srcset=\"http:\/\/zs.wolczyn.pl\/lo\/wp-content\/uploads\/2025\/05\/IMG-20250429-WA0013-300x224.jpg 300w, http:\/\/zs.wolczyn.pl\/lo\/wp-content\/uploads\/2025\/05\/IMG-20250429-WA0013-1024x765.jpg 1024w, http:\/\/zs.wolczyn.pl\/lo\/wp-content\/uploads\/2025\/05\/IMG-20250429-WA0013-768x574.jpg 768w, http:\/\/zs.wolczyn.pl\/lo\/wp-content\/uploads\/2025\/05\/IMG-20250429-WA0013-1536x1148.jpg 1536w, http:\/\/zs.wolczyn.pl\/lo\/wp-content\/uploads\/2025\/05\/IMG-20250429-WA0013-360x270.jpg 360w, http:\/\/zs.wolczyn.pl\/lo\/wp-content\/uploads\/2025\/05\/IMG-20250429-WA0013.jpg 1600w\" sizes=\"(max-width: 300px) 100vw, 300px\" \/><\/a> <img decoding=\"async\" class=\"alignnone size-medium wp-image-8544\" src=\"http:\/\/zs.wolczyn.pl\/lo\/wp-content\/uploads\/2025\/05\/IMG-20250429-WA0014-300x224.jpg\" alt=\"\" width=\"300\" height=\"224\" srcset=\"http:\/\/zs.wolczyn.pl\/lo\/wp-content\/uploads\/2025\/05\/IMG-20250429-WA0014-300x224.jpg 300w, http:\/\/zs.wolczyn.pl\/lo\/wp-content\/uploads\/2025\/05\/IMG-20250429-WA0014-1024x765.jpg 1024w, http:\/\/zs.wolczyn.pl\/lo\/wp-content\/uploads\/2025\/05\/IMG-20250429-WA0014-768x574.jpg 768w, http:\/\/zs.wolczyn.pl\/lo\/wp-content\/uploads\/2025\/05\/IMG-20250429-WA0014-1536x1148.jpg 1536w, http:\/\/zs.wolczyn.pl\/lo\/wp-content\/uploads\/2025\/05\/IMG-20250429-WA0014-360x270.jpg 360w, http:\/\/zs.wolczyn.pl\/lo\/wp-content\/uploads\/2025\/05\/IMG-20250429-WA0014.jpg 1600w\" sizes=\"(max-width: 300px) 100vw, 300px\" \/> <img decoding=\"async\" class=\"alignnone size-medium wp-image-8545\" src=\"http:\/\/zs.wolczyn.pl\/lo\/wp-content\/uploads\/2025\/05\/IMG-20250429-WA0015-300x224.jpg\" alt=\"\" width=\"300\" height=\"224\" srcset=\"http:\/\/zs.wolczyn.pl\/lo\/wp-content\/uploads\/2025\/05\/IMG-20250429-WA0015-300x224.jpg 300w, http:\/\/zs.wolczyn.pl\/lo\/wp-content\/uploads\/2025\/05\/IMG-20250429-WA0015-1024x765.jpg 1024w, http:\/\/zs.wolczyn.pl\/lo\/wp-content\/uploads\/2025\/05\/IMG-20250429-WA0015-768x574.jpg 768w, http:\/\/zs.wolczyn.pl\/lo\/wp-content\/uploads\/2025\/05\/IMG-20250429-WA0015-1536x1148.jpg 1536w, http:\/\/zs.wolczyn.pl\/lo\/wp-content\/uploads\/2025\/05\/IMG-20250429-WA0015-360x270.jpg 360w, http:\/\/zs.wolczyn.pl\/lo\/wp-content\/uploads\/2025\/05\/IMG-20250429-WA0015.jpg 1600w\" sizes=\"(max-width: 300px) 100vw, 300px\" \/> <img loading=\"lazy\" decoding=\"async\" class=\"alignnone size-medium wp-image-8546\" src=\"http:\/\/zs.wolczyn.pl\/lo\/wp-content\/uploads\/2025\/05\/IMG-20250429-WA0017-300x224.jpg\" alt=\"\" width=\"300\" height=\"224\" srcset=\"http:\/\/zs.wolczyn.pl\/lo\/wp-content\/uploads\/2025\/05\/IMG-20250429-WA0017-300x224.jpg 300w, http:\/\/zs.wolczyn.pl\/lo\/wp-content\/uploads\/2025\/05\/IMG-20250429-WA0017-1024x765.jpg 1024w, http:\/\/zs.wolczyn.pl\/lo\/wp-content\/uploads\/2025\/05\/IMG-20250429-WA0017-768x574.jpg 768w, http:\/\/zs.wolczyn.pl\/lo\/wp-content\/uploads\/2025\/05\/IMG-20250429-WA0017-1536x1148.jpg 1536w, http:\/\/zs.wolczyn.pl\/lo\/wp-content\/uploads\/2025\/05\/IMG-20250429-WA0017-360x270.jpg 360w, http:\/\/zs.wolczyn.pl\/lo\/wp-content\/uploads\/2025\/05\/IMG-20250429-WA0017.jpg 1600w\" sizes=\"(max-width: 300px) 100vw, 300px\" \/><\/p>\n","protected":false},"excerpt":{"rendered":"<p>28.04.2025 roku w Kinie Bajka w Kluczborku odby\u0142o si\u0119 XI Forum Ucznia Zdolnego. Zesp\u00f3\u0142 Szk\u00f3\u0142 w Wo\u0142czynie reprezentowa\u0142y dwie nasze <a href=\"http:\/\/zs.wolczyn.pl\/lo\/xi-forum-ucznia-zdolnego\/\" class=\"read-more\">Czytaj dalej &#8230;<\/a><\/p>\n","protected":false},"author":1,"featured_media":8547,"comment_status":"closed","ping_status":"closed","sticky":false,"template":"","format":"standard","meta":{"ngg_post_thumbnail":0,"footnotes":""},"categories":[17],"tags":[],"class_list":["post-8520","post","type-post","status-publish","format-standard","has-post-thumbnail","hentry","category-z-zycia-szkoly"],"_links":{"self":[{"href":"http:\/\/zs.wolczyn.pl\/lo\/wp-json\/wp\/v2\/posts\/8520"}],"collection":[{"href":"http:\/\/zs.wolczyn.pl\/lo\/wp-json\/wp\/v2\/posts"}],"about":[{"href":"http:\/\/zs.wolczyn.pl\/lo\/wp-json\/wp\/v2\/types\/post"}],"author":[{"embeddable":true,"href":"http:\/\/zs.wolczyn.pl\/lo\/wp-json\/wp\/v2\/users\/1"}],"replies":[{"embeddable":true,"href":"http:\/\/zs.wolczyn.pl\/lo\/wp-json\/wp\/v2\/comments?post=8520"}],"version-history":[{"count":2,"href":"http:\/\/zs.wolczyn.pl\/lo\/wp-json\/wp\/v2\/posts\/8520\/revisions"}],"predecessor-version":[{"id":8556,"href":"http:\/\/zs.wolczyn.pl\/lo\/wp-json\/wp\/v2\/posts\/8520\/revisions\/8556"}],"wp:featuredmedia":[{"embeddable":true,"href":"http:\/\/zs.wolczyn.pl\/lo\/wp-json\/wp\/v2\/media\/8547"}],"wp:attachment":[{"href":"http:\/\/zs.wolczyn.pl\/lo\/wp-json\/wp\/v2\/media?parent=8520"}],"wp:term":[{"taxonomy":"category","embeddable":true,"href":"http:\/\/zs.wolczyn.pl\/lo\/wp-json\/wp\/v2\/categories?post=8520"},{"taxonomy":"post_tag","embeddable":true,"href":"http:\/\/zs.wolczyn.pl\/lo\/wp-json\/wp\/v2\/tags?post=8520"}],"curies":[{"name":"wp","href":"https:\/\/api.w.org\/{rel}","templated":true}]}}