{"id":8557,"date":"2025-05-08T13:05:06","date_gmt":"2025-05-08T11:05:06","guid":{"rendered":"https:\/\/zs.wolczyn.pl\/lo\/?p=8557"},"modified":"2025-05-08T13:10:42","modified_gmt":"2025-05-08T11:10:42","slug":"xxxi-mistrzostwa-pierwszej-pomocy-pck","status":"publish","type":"post","link":"http:\/\/zs.wolczyn.pl\/lo\/xxxi-mistrzostwa-pierwszej-pomocy-pck\/","title":{"rendered":"XXXI Mistrzostwa Pierwszej Pomocy PCK"},"content":{"rendered":"<p>28 kwietnia uczniowie naszego LO wzi\u0119li udzia\u0142 w rozgrywanym w Ole\u015bnie rejonowym etapie XXXI Mistrzostw Pierwszej Pomocy Polskiego Czerwonego Krzy\u017ca, gdzie zdobyli wysokie 2 miejsce. Dzi\u0119kujemy za reprezentowanie naszego Zespo\u0142u Szk\u00f3\u0142 i gratulujemy osi\u0105gni\u0119tego wyniku!!!<\/p>\nngg_shortcode_0_placeholder\n","protected":false},"excerpt":{"rendered":"<p>28 kwietnia uczniowie naszego LO wzi\u0119li udzia\u0142 w rozgrywanym w Ole\u015bnie rejonowym etapie XXXI Mistrzostw Pierwszej Pomocy Polskiego Czerwonego Krzy\u017ca, <a href=\"http:\/\/zs.wolczyn.pl\/lo\/xxxi-mistrzostwa-pierwszej-pomocy-pck\/\" class=\"read-more\">Czytaj dalej &#8230;<\/a><\/p>\n","protected":false},"author":1,"featured_media":8558,"comment_status":"closed","ping_status":"closed","sticky":false,"template":"","format":"standard","meta":{"ngg_post_thumbnail":0,"footnotes":""},"categories":[17],"tags":[],"class_list":["post-8557","post","type-post","status-publish","format-standard","has-post-thumbnail","hentry","category-z-zycia-szkoly"],"_links":{"self":[{"href":"http:\/\/zs.wolczyn.pl\/lo\/wp-json\/wp\/v2\/posts\/8557"}],"collection":[{"href":"http:\/\/zs.wolczyn.pl\/lo\/wp-json\/wp\/v2\/posts"}],"about":[{"href":"http:\/\/zs.wolczyn.pl\/lo\/wp-json\/wp\/v2\/types\/post"}],"author":[{"embeddable":true,"href":"http:\/\/zs.wolczyn.pl\/lo\/wp-json\/wp\/v2\/users\/1"}],"replies":[{"embeddable":true,"href":"http:\/\/zs.wolczyn.pl\/lo\/wp-json\/wp\/v2\/comments?post=8557"}],"version-history":[{"count":5,"href":"http:\/\/zs.wolczyn.pl\/lo\/wp-json\/wp\/v2\/posts\/8557\/revisions"}],"predecessor-version":[{"id":8570,"href":"http:\/\/zs.wolczyn.pl\/lo\/wp-json\/wp\/v2\/posts\/8557\/revisions\/8570"}],"wp:featuredmedia":[{"embeddable":true,"href":"http:\/\/zs.wolczyn.pl\/lo\/wp-json\/wp\/v2\/media\/8558"}],"wp:attachment":[{"href":"http:\/\/zs.wolczyn.pl\/lo\/wp-json\/wp\/v2\/media?parent=8557"}],"wp:term":[{"taxonomy":"category","embeddable":true,"href":"http:\/\/zs.wolczyn.pl\/lo\/wp-json\/wp\/v2\/categories?post=8557"},{"taxonomy":"post_tag","embeddable":true,"href":"http:\/\/zs.wolczyn.pl\/lo\/wp-json\/wp\/v2\/tags?post=8557"}],"curies":[{"name":"wp","href":"https:\/\/api.w.org\/{rel}","templated":true}]}}