{"id":8800,"date":"2025-09-02T12:20:04","date_gmt":"2025-09-02T10:20:04","guid":{"rendered":"https:\/\/zs.wolczyn.pl\/lo\/?p=8800"},"modified":"2025-09-02T12:20:04","modified_gmt":"2025-09-02T10:20:04","slug":"inauguracja-roku-szkolnego-2025-26","status":"publish","type":"post","link":"http:\/\/zs.wolczyn.pl\/lo\/inauguracja-roku-szkolnego-2025-26\/","title":{"rendered":"Inauguracja roku szkolnego 2025\/26"},"content":{"rendered":"<p>Kolejny rok szkolny rozpocz\u0119li\u015bmy msz\u0105 \u015bwi\u0119t\u0105. Nast\u0119pnie udali\u015bmy si\u0119 do szko\u0142y, by wzi\u0105\u0107 udzia\u0142 w dalszej cz\u0119\u015bci uroczysto\u015bci.<br \/>\n\u201eJeszcze na sk\u00f3rze czujemy s\u0142o\u0144ce, jeszcze s\u0142yszymy szum fal, jeszcze przed oczami mamy \u017cywe wspomnienia wakacji. Sierpniowe dni musia\u0142y jednak ust\u0105pi\u0107\u2026\u201d tymi s\u0142owami prowadz\u0105cy rozpocz\u0119li inauguracj\u0119 roku szkolnego 2025\/26 w naszym liceum i klasie \u00f3smej szko\u0142y podstawowej.<\/p>\n<p>Dyrektor Zespo\u0142u Szk\u00f3\u0142 pani Ewa W\u0142os bardzo ciep\u0142o przywita\u0142a wszystkich zaproszonych go\u015bci, w szczeg\u00f3lno\u015bci uczni\u00f3w klasy pierwszej liceum, grono pedagogiczne oraz pracownik\u00f3w szko\u0142y. Przedstawi\u0142a tych, kt\u00f3rzy dopiero rozpoczn\u0105 nauk\u0119 w naszej szkole \u015bredniej oraz wr\u0119czy\u0142a im wraz z Burmistrzem Wo\u0142czyna panem Janem Leszkiem Wi\u0105ckiem oraz wychowawczyni\u0105 pani\u0105 Justyn\u0105 Broniszewsk\u0105 \u2013 Bator upominki ufundowane przez Rad\u0119 Rodzic\u00f3w. Odwo\u0142a\u0142a si\u0119 do s\u0142\u00f3w Winstona Churchilla: \u201eNigdy, nigdy, nigdy si\u0119 nie poddawaj i nigdy nie rezygnuj z czego\u015b, o czym nie mo\u017cesz przesta\u0107 my\u015ble\u0107 nawet na jeden dzie\u0144\u201d. \u017byczy\u0142a wszystkim wielu sukces\u00f3w, wysokich lokat w konkursach i samych dobrych ocen.<br \/>\nNast\u0119pnie g\u0142os zabra\u0142 Burmistrz Wo\u0142czyna \u2013 pan Jan Leszek Wi\u0105cek, a po nim Wicestarosta Kluczborka \u2013 pan Krzysztof Tokarski.<br \/>\nPami\u0119tajmy, \u017ce szko\u0142a to nie tylko miejsce zdobywania wiedzy, ale r\u00f3wnie\u017c przestrze\u0144 do rozwijania relacji i odkrywania w\u0142asnych talent\u00f3w. Nie zapominajmy, \u017ce kluczem do sukcesu jest ci\u0119\u017cka praca, determinacja i otwarto\u015b\u0107 na nowe do\u015bwiadczenia. Poszerzajmy wi\u0119c swoje horyzonty i b\u0105d\u017amy ciekawi \u015bwiata. Wsp\u00f3lnie mo\u017cemy osi\u0105gn\u0105\u0107 wiele!<\/p>\n<p>Na inauguracji mia\u0142a miejsce r\u00f3wnie\u017c bardzo wa\u017cna lekcja historii. Trudnej historii, kt\u00f3rej nie wolno nam zapomnie\u0107. Przypomnieli\u015bmy sobie o konsekwencjach wybuchu II wojny \u015bwiatowej oraz roli, jak\u0105 odegrali w niej ch\u0142opcy z Szarych Szereg\u00f3w, kt\u00f3rzy zostali wybrani na Patrona naszego liceum.<br \/>\nWszystkim uczniom oraz pracownikom szko\u0142y \u017cyczymy udanego roku szkolnego, \u017cyczliwo\u015bci oraz satysfakcji z podejmowanych dzia\u0142a\u0144.<\/p>\nngg_shortcode_0_placeholder\n","protected":false},"excerpt":{"rendered":"<p>Kolejny rok szkolny rozpocz\u0119li\u015bmy msz\u0105 \u015bwi\u0119t\u0105. Nast\u0119pnie udali\u015bmy si\u0119 do szko\u0142y, by wzi\u0105\u0107 udzia\u0142 w dalszej cz\u0119\u015bci uroczysto\u015bci. \u201eJeszcze na <a href=\"http:\/\/zs.wolczyn.pl\/lo\/inauguracja-roku-szkolnego-2025-26\/\" class=\"read-more\">Czytaj dalej &#8230;<\/a><\/p>\n","protected":false},"author":1,"featured_media":8833,"comment_status":"closed","ping_status":"closed","sticky":false,"template":"","format":"standard","meta":{"ngg_post_thumbnail":0,"footnotes":""},"categories":[17],"tags":[],"class_list":["post-8800","post","type-post","status-publish","format-standard","has-post-thumbnail","hentry","category-z-zycia-szkoly"],"_links":{"self":[{"href":"http:\/\/zs.wolczyn.pl\/lo\/wp-json\/wp\/v2\/posts\/8800"}],"collection":[{"href":"http:\/\/zs.wolczyn.pl\/lo\/wp-json\/wp\/v2\/posts"}],"about":[{"href":"http:\/\/zs.wolczyn.pl\/lo\/wp-json\/wp\/v2\/types\/post"}],"author":[{"embeddable":true,"href":"http:\/\/zs.wolczyn.pl\/lo\/wp-json\/wp\/v2\/users\/1"}],"replies":[{"embeddable":true,"href":"http:\/\/zs.wolczyn.pl\/lo\/wp-json\/wp\/v2\/comments?post=8800"}],"version-history":[{"count":1,"href":"http:\/\/zs.wolczyn.pl\/lo\/wp-json\/wp\/v2\/posts\/8800\/revisions"}],"predecessor-version":[{"id":8834,"href":"http:\/\/zs.wolczyn.pl\/lo\/wp-json\/wp\/v2\/posts\/8800\/revisions\/8834"}],"wp:featuredmedia":[{"embeddable":true,"href":"http:\/\/zs.wolczyn.pl\/lo\/wp-json\/wp\/v2\/media\/8833"}],"wp:attachment":[{"href":"http:\/\/zs.wolczyn.pl\/lo\/wp-json\/wp\/v2\/media?parent=8800"}],"wp:term":[{"taxonomy":"category","embeddable":true,"href":"http:\/\/zs.wolczyn.pl\/lo\/wp-json\/wp\/v2\/categories?post=8800"},{"taxonomy":"post_tag","embeddable":true,"href":"http:\/\/zs.wolczyn.pl\/lo\/wp-json\/wp\/v2\/tags?post=8800"}],"curies":[{"name":"wp","href":"https:\/\/api.w.org\/{rel}","templated":true}]}}