{"id":8840,"date":"2025-09-11T09:01:47","date_gmt":"2025-09-11T07:01:47","guid":{"rendered":"https:\/\/zs.wolczyn.pl\/lo\/?p=8840"},"modified":"2025-09-11T09:01:47","modified_gmt":"2025-09-11T07:01:47","slug":"integracja-uczniow-klasy-ilo","status":"publish","type":"post","link":"http:\/\/zs.wolczyn.pl\/lo\/integracja-uczniow-klasy-ilo\/","title":{"rendered":"Integracja uczni\u00f3w klasy ILO"},"content":{"rendered":"<p>Za nami zaj\u0119cia integracyjne w klasie 1LO, maj\u0105ce na celu budowanie pozytywnych relacji, zwi\u0119kszenie samo\u015bwiadomo\u015bci uczni\u00f3w.<\/p>\nngg_shortcode_0_placeholder\n","protected":false},"excerpt":{"rendered":"<p>Za nami zaj\u0119cia integracyjne w klasie 1LO, maj\u0105ce na celu budowanie pozytywnych relacji, zwi\u0119kszenie samo\u015bwiadomo\u015bci uczni\u00f3w.<\/p>\n","protected":false},"author":1,"featured_media":8855,"comment_status":"closed","ping_status":"closed","sticky":false,"template":"","format":"standard","meta":{"ngg_post_thumbnail":0,"footnotes":""},"categories":[17],"tags":[],"class_list":["post-8840","post","type-post","status-publish","format-standard","has-post-thumbnail","hentry","category-z-zycia-szkoly"],"_links":{"self":[{"href":"http:\/\/zs.wolczyn.pl\/lo\/wp-json\/wp\/v2\/posts\/8840"}],"collection":[{"href":"http:\/\/zs.wolczyn.pl\/lo\/wp-json\/wp\/v2\/posts"}],"about":[{"href":"http:\/\/zs.wolczyn.pl\/lo\/wp-json\/wp\/v2\/types\/post"}],"author":[{"embeddable":true,"href":"http:\/\/zs.wolczyn.pl\/lo\/wp-json\/wp\/v2\/users\/1"}],"replies":[{"embeddable":true,"href":"http:\/\/zs.wolczyn.pl\/lo\/wp-json\/wp\/v2\/comments?post=8840"}],"version-history":[{"count":1,"href":"http:\/\/zs.wolczyn.pl\/lo\/wp-json\/wp\/v2\/posts\/8840\/revisions"}],"predecessor-version":[{"id":8856,"href":"http:\/\/zs.wolczyn.pl\/lo\/wp-json\/wp\/v2\/posts\/8840\/revisions\/8856"}],"wp:featuredmedia":[{"embeddable":true,"href":"http:\/\/zs.wolczyn.pl\/lo\/wp-json\/wp\/v2\/media\/8855"}],"wp:attachment":[{"href":"http:\/\/zs.wolczyn.pl\/lo\/wp-json\/wp\/v2\/media?parent=8840"}],"wp:term":[{"taxonomy":"category","embeddable":true,"href":"http:\/\/zs.wolczyn.pl\/lo\/wp-json\/wp\/v2\/categories?post=8840"},{"taxonomy":"post_tag","embeddable":true,"href":"http:\/\/zs.wolczyn.pl\/lo\/wp-json\/wp\/v2\/tags?post=8840"}],"curies":[{"name":"wp","href":"https:\/\/api.w.org\/{rel}","templated":true}]}}