{"id":8862,"date":"2025-09-16T10:19:04","date_gmt":"2025-09-16T08:19:04","guid":{"rendered":"https:\/\/zs.wolczyn.pl\/lo\/?p=8862"},"modified":"2025-09-16T10:24:46","modified_gmt":"2025-09-16T08:24:46","slug":"salon-maturzystow","status":"publish","type":"post","link":"http:\/\/zs.wolczyn.pl\/lo\/salon-maturzystow\/","title":{"rendered":"Salon Maturzyst\u00f3w"},"content":{"rendered":"<p>15 wrze\u015bnia klasy czwarte LO uczestniczy\u0142y w Salonie Maturzyst\u00f3w Perspektyw we Wroc\u0142awiu, by przygotowa\u0107 si\u0119 do matury i zaplanowa\u0107 swoj\u0105 edukacyjn\u0105 przysz\u0142o\u015b\u0107. Mogli\u015bmy porozmawia\u0107 z przedstawicielami uczelni wy\u017cszych, pozna\u0107 zasady rekrutacji.<\/p>\n<p><a href=\"http:\/\/zs.wolczyn.pl\/lo\/wp-content\/uploads\/2025\/09\/s2-rotated.jpg\"><img fetchpriority=\"high\" decoding=\"async\" class=\"alignleft size-medium wp-image-8865\" src=\"http:\/\/zs.wolczyn.pl\/lo\/wp-content\/uploads\/2025\/09\/s2-225x300.jpg\" alt=\"\" width=\"225\" height=\"300\" srcset=\"http:\/\/zs.wolczyn.pl\/lo\/wp-content\/uploads\/2025\/09\/s2-225x300.jpg 225w, http:\/\/zs.wolczyn.pl\/lo\/wp-content\/uploads\/2025\/09\/s2-203x270.jpg 203w, http:\/\/zs.wolczyn.pl\/lo\/wp-content\/uploads\/2025\/09\/s2-rotated.jpg 480w\" sizes=\"(max-width: 225px) 100vw, 225px\" \/><\/a> <a href=\"http:\/\/zs.wolczyn.pl\/lo\/wp-content\/uploads\/2025\/09\/s5-rotated.jpg\"><img decoding=\"async\" class=\"alignleft size-medium wp-image-8863\" src=\"http:\/\/zs.wolczyn.pl\/lo\/wp-content\/uploads\/2025\/09\/s5-225x300.jpg\" alt=\"\" width=\"225\" height=\"300\" srcset=\"http:\/\/zs.wolczyn.pl\/lo\/wp-content\/uploads\/2025\/09\/s5-225x300.jpg 225w, http:\/\/zs.wolczyn.pl\/lo\/wp-content\/uploads\/2025\/09\/s5-203x270.jpg 203w, http:\/\/zs.wolczyn.pl\/lo\/wp-content\/uploads\/2025\/09\/s5-rotated.jpg 480w\" sizes=\"(max-width: 225px) 100vw, 225px\" \/><\/a> <a href=\"http:\/\/zs.wolczyn.pl\/lo\/wp-content\/uploads\/2025\/09\/s4-rotated.jpg\"><img decoding=\"async\" class=\"alignleft size-medium wp-image-8864\" src=\"http:\/\/zs.wolczyn.pl\/lo\/wp-content\/uploads\/2025\/09\/s4-225x300.jpg\" alt=\"\" width=\"225\" height=\"300\" srcset=\"http:\/\/zs.wolczyn.pl\/lo\/wp-content\/uploads\/2025\/09\/s4-225x300.jpg 225w, http:\/\/zs.wolczyn.pl\/lo\/wp-content\/uploads\/2025\/09\/s4-203x270.jpg 203w, http:\/\/zs.wolczyn.pl\/lo\/wp-content\/uploads\/2025\/09\/s4-rotated.jpg 480w\" sizes=\"(max-width: 225px) 100vw, 225px\" \/><\/a><\/p>\n<p>&nbsp;<\/p>\n<p>&nbsp;<\/p>\n<p>&nbsp;<\/p>\n<p>&nbsp;<\/p>\n<p>&nbsp;<\/p>\n<p>&nbsp;<\/p>\n<p>&nbsp;<\/p>\n<p>&nbsp;<\/p>\n<p><a href=\"http:\/\/zs.wolczyn.pl\/lo\/wp-content\/uploads\/2025\/09\/s6.jpg\"><img loading=\"lazy\" decoding=\"async\" class=\"alignleft size-medium wp-image-8867\" src=\"http:\/\/zs.wolczyn.pl\/lo\/wp-content\/uploads\/2025\/09\/s6-300x225.jpg\" alt=\"\" width=\"300\" height=\"225\" srcset=\"http:\/\/zs.wolczyn.pl\/lo\/wp-content\/uploads\/2025\/09\/s6-300x225.jpg 300w, http:\/\/zs.wolczyn.pl\/lo\/wp-content\/uploads\/2025\/09\/s6-360x270.jpg 360w, http:\/\/zs.wolczyn.pl\/lo\/wp-content\/uploads\/2025\/09\/s6.jpg 640w\" sizes=\"(max-width: 300px) 100vw, 300px\" \/><\/a> <a href=\"http:\/\/zs.wolczyn.pl\/lo\/wp-content\/uploads\/2025\/09\/s7.jpg\"><img loading=\"lazy\" decoding=\"async\" class=\"alignleft size-medium wp-image-8866\" src=\"http:\/\/zs.wolczyn.pl\/lo\/wp-content\/uploads\/2025\/09\/s7-300x225.jpg\" alt=\"\" width=\"300\" height=\"225\" srcset=\"http:\/\/zs.wolczyn.pl\/lo\/wp-content\/uploads\/2025\/09\/s7-300x225.jpg 300w, http:\/\/zs.wolczyn.pl\/lo\/wp-content\/uploads\/2025\/09\/s7-360x270.jpg 360w, http:\/\/zs.wolczyn.pl\/lo\/wp-content\/uploads\/2025\/09\/s7.jpg 640w\" sizes=\"(max-width: 300px) 100vw, 300px\" \/><\/a><\/p>\n","protected":false},"excerpt":{"rendered":"<p>15 wrze\u015bnia klasy czwarte LO uczestniczy\u0142y w Salonie Maturzyst\u00f3w Perspektyw we Wroc\u0142awiu, by przygotowa\u0107 si\u0119 do matury i zaplanowa\u0107 swoj\u0105 <a href=\"http:\/\/zs.wolczyn.pl\/lo\/salon-maturzystow\/\" class=\"read-more\">Czytaj dalej &#8230;<\/a><\/p>\n","protected":false},"author":1,"featured_media":8868,"comment_status":"closed","ping_status":"closed","sticky":false,"template":"","format":"standard","meta":{"ngg_post_thumbnail":0,"footnotes":""},"categories":[17],"tags":[],"class_list":["post-8862","post","type-post","status-publish","format-standard","has-post-thumbnail","hentry","category-z-zycia-szkoly"],"_links":{"self":[{"href":"http:\/\/zs.wolczyn.pl\/lo\/wp-json\/wp\/v2\/posts\/8862"}],"collection":[{"href":"http:\/\/zs.wolczyn.pl\/lo\/wp-json\/wp\/v2\/posts"}],"about":[{"href":"http:\/\/zs.wolczyn.pl\/lo\/wp-json\/wp\/v2\/types\/post"}],"author":[{"embeddable":true,"href":"http:\/\/zs.wolczyn.pl\/lo\/wp-json\/wp\/v2\/users\/1"}],"replies":[{"embeddable":true,"href":"http:\/\/zs.wolczyn.pl\/lo\/wp-json\/wp\/v2\/comments?post=8862"}],"version-history":[{"count":6,"href":"http:\/\/zs.wolczyn.pl\/lo\/wp-json\/wp\/v2\/posts\/8862\/revisions"}],"predecessor-version":[{"id":8874,"href":"http:\/\/zs.wolczyn.pl\/lo\/wp-json\/wp\/v2\/posts\/8862\/revisions\/8874"}],"wp:featuredmedia":[{"embeddable":true,"href":"http:\/\/zs.wolczyn.pl\/lo\/wp-json\/wp\/v2\/media\/8868"}],"wp:attachment":[{"href":"http:\/\/zs.wolczyn.pl\/lo\/wp-json\/wp\/v2\/media?parent=8862"}],"wp:term":[{"taxonomy":"category","embeddable":true,"href":"http:\/\/zs.wolczyn.pl\/lo\/wp-json\/wp\/v2\/categories?post=8862"},{"taxonomy":"post_tag","embeddable":true,"href":"http:\/\/zs.wolczyn.pl\/lo\/wp-json\/wp\/v2\/tags?post=8862"}],"curies":[{"name":"wp","href":"https:\/\/api.w.org\/{rel}","templated":true}]}}