{"id":8883,"date":"2025-09-17T13:33:38","date_gmt":"2025-09-17T11:33:38","guid":{"rendered":"https:\/\/zs.wolczyn.pl\/lo\/?p=8883"},"modified":"2025-09-17T13:33:38","modified_gmt":"2025-09-17T11:33:38","slug":"17-wrzesnia-rocznica-agresji-zsrr-na-polske","status":"publish","type":"post","link":"http:\/\/zs.wolczyn.pl\/lo\/17-wrzesnia-rocznica-agresji-zsrr-na-polske\/","title":{"rendered":"17 wrze\u015bnia &#8211; Rocznica agresji ZSRR na Polsk\u0119"},"content":{"rendered":"<p>Dzisiejsze spotkanie, w rocznic\u0119 tragicznych wydarze\u0144 17 wrze\u015bnia 1939 roku, jest wyrazem pami\u0119ci o \u017co\u0142nierzach i cywilach oraz ho\u0142dem dla ich odwagi, cierpienia i niez\u0142omno\u015bci.<br \/>\nHistoria uczy nas, \u017ce wolno\u015b\u0107 i niepodleg\u0142o\u015b\u0107 nigdy nie s\u0105 dane raz na zawsze &#8211; trzeba je chroni\u0107, piel\u0119gnowa\u0107 i przekazywa\u0107 kolejnym pokoleniom.<br \/>\nCze\u015b\u0107 pami\u0119ci ofiar 17 wrze\u015bnia 1939 roku.<br \/>\nNiech ich los i po\u015bwi\u0119cenie b\u0119d\u0105 dla nas przestrog\u0105 i \u017ar\u00f3d\u0142em si\u0142y.<\/p>\nngg_shortcode_0_placeholder\n","protected":false},"excerpt":{"rendered":"<p>Dzisiejsze spotkanie, w rocznic\u0119 tragicznych wydarze\u0144 17 wrze\u015bnia 1939 roku, jest wyrazem pami\u0119ci o \u017co\u0142nierzach i cywilach oraz ho\u0142dem dla <a href=\"http:\/\/zs.wolczyn.pl\/lo\/17-wrzesnia-rocznica-agresji-zsrr-na-polske\/\" class=\"read-more\">Czytaj dalej &#8230;<\/a><\/p>\n","protected":false},"author":1,"featured_media":8910,"comment_status":"closed","ping_status":"closed","sticky":false,"template":"","format":"standard","meta":{"ngg_post_thumbnail":0,"footnotes":""},"categories":[17],"tags":[],"class_list":["post-8883","post","type-post","status-publish","format-standard","has-post-thumbnail","hentry","category-z-zycia-szkoly"],"_links":{"self":[{"href":"http:\/\/zs.wolczyn.pl\/lo\/wp-json\/wp\/v2\/posts\/8883"}],"collection":[{"href":"http:\/\/zs.wolczyn.pl\/lo\/wp-json\/wp\/v2\/posts"}],"about":[{"href":"http:\/\/zs.wolczyn.pl\/lo\/wp-json\/wp\/v2\/types\/post"}],"author":[{"embeddable":true,"href":"http:\/\/zs.wolczyn.pl\/lo\/wp-json\/wp\/v2\/users\/1"}],"replies":[{"embeddable":true,"href":"http:\/\/zs.wolczyn.pl\/lo\/wp-json\/wp\/v2\/comments?post=8883"}],"version-history":[{"count":1,"href":"http:\/\/zs.wolczyn.pl\/lo\/wp-json\/wp\/v2\/posts\/8883\/revisions"}],"predecessor-version":[{"id":8911,"href":"http:\/\/zs.wolczyn.pl\/lo\/wp-json\/wp\/v2\/posts\/8883\/revisions\/8911"}],"wp:featuredmedia":[{"embeddable":true,"href":"http:\/\/zs.wolczyn.pl\/lo\/wp-json\/wp\/v2\/media\/8910"}],"wp:attachment":[{"href":"http:\/\/zs.wolczyn.pl\/lo\/wp-json\/wp\/v2\/media?parent=8883"}],"wp:term":[{"taxonomy":"category","embeddable":true,"href":"http:\/\/zs.wolczyn.pl\/lo\/wp-json\/wp\/v2\/categories?post=8883"},{"taxonomy":"post_tag","embeddable":true,"href":"http:\/\/zs.wolczyn.pl\/lo\/wp-json\/wp\/v2\/tags?post=8883"}],"curies":[{"name":"wp","href":"https:\/\/api.w.org\/{rel}","templated":true}]}}